{"id":152827,"date":"2015-04-14T09:50:43","date_gmt":"2015-04-14T09:50:43","guid":{"rendered":"https:\/\/mediarun.com\/pl\/?p=152827"},"modified":"2015-04-18T10:04:57","modified_gmt":"2015-04-18T10:04:57","slug":"chron-swoje-dane-na-facebooku","status":"publish","type":"post","link":"https:\/\/mediarun.com\/pl\/digital\/social-media\/chron-swoje-dane-na-facebooku.html","title":{"rendered":"Chro\u0144 swoje dane na Facebooku"},"content":{"rendered":"<p>Coraz cz\u0119\u015bciej \u201ezwyk\u0142y\u201d u\u017cytkownik medi\u00f3w spo\u0142eczno\u015bciowych zaczyna dostrzega\u0107 pewn\u0105 niepokoj\u0105c\u0105 dla siebie korelacj\u0119. &#8222;Zagra\u0142em w jak\u0105\u015b gr\u0119 na Facebooku, a potem zacz\u0105\u0142em dostawa\u0107 dziwne maile. Jak to si\u0119 sta\u0142o? Przecie\u017c ja si\u0119 na nic takiego nie zapisywa\u0142em&#8221;. Z perspektywy os\u00f3b zajmuj\u0105cych si\u0119 administrowaniem profili, takie reakcje fan\u00f3w nie s\u0105 po\u017c\u0105dane. Z drugiej strony, zale\u017cy nam na pozyskaniu danych osobowych, adres\u00f3w mailowych jak najwi\u0119kszej grupy. Jak zrealizowa\u0107 sw\u00f3j cel zgodnie z prawem i poszanowaniem u\u017cytkownik\u00f3w Facebooka?<\/p>\n<h2>Grzechy g\u0142\u00f3wne internauty<\/h2>\n<p>Najwi\u0119ksz\u0105 wag\u0119 do danych osobowych powinien przywi\u0105zywa\u0107 ich w\u0142a\u015bciciel. Nie oznacza to jednak, \u017ce jako administrator mo\u017cna wykorzystywa\u0107 czyj\u0105\u015b niewiedz\u0119, czy lekkomy\u015blno\u015b\u0107. Statystyczny Kowalski nie zdaje sobie sprawy z tego, \u017ce jego konto na Facebooku to stale powi\u0119kszaj\u0105ca si\u0119 baza danych o jego rodzinie, sukcesach i pora\u017ckach \u017cyciowych czy upodobaniach. Baza, kt\u00f3ra wymaga odpowiedniej ochrony. Cz\u0119sto jednak internauta nie u\u017cywa nawet&#8230; zdrowego rozs\u0105dku. <\/p>\n<p>Przykrym przyk\u0142adem niefrasobliwo\u015bci jest notoryczne publikowanie, g\u0142\u00f3wnie na Instagramie (ale te\u017c na innych serwisach) zdj\u0119\u0107 dowodu osobistego czy kart p\u0142atniczych z dok\u0142adnie widocznymi danymi. &#8211; <em>&#8222;U\u017cytkownicy bardzo chc\u0105 si\u0119 pochwali\u0107, \u017ce w\u0142a\u015bnie weszli w doros\u0142e \u017cycie, bo za\u0142o\u017cyli pierwsze konto bankowe, dostali prawo jazdy lub dow\u00f3d osobisty. Na portalach \u0142atwo znale\u017a\u0107 te\u017c paszporty i mandaty (!). Zosta\u0142o nawet za\u0142o\u017cone konto na Twitterze  (<a href=\"https:\/\/twitter.com\/NeedADebitCard\" target=\"_blank\" rel=\"noopener\"><strong>LINK<\/strong><\/a>), kt\u00f3re udost\u0119pnia takie nieodpowiedzialne zdj\u0119cia. Nie wiadomo jednak, czy to ku uciesze gawiedzi czy ku przestrodze&#8221;<\/em> &#8211; m\u00f3wi <strong>Anna Gumowska z agencji Prime Time PR<\/strong>.<\/p>\n<p><a href=\"https:\/\/mediarun.com\/wp-content\/uploads\/2015\/04\/1.png\"><img fetchpriority=\"high\" decoding=\"async\" src=\"https:\/\/mediarun.com\/wp-content\/uploads\/2015\/04\/1.png\" alt=\"1\" width=\"577\" height=\"366\" class=\"alignnone size-full wp-image-152828\" title=\"\"><\/a><\/p>\n<h2>Czcij prywatno\u015b\u0107 swoj\u0105<\/h2>\n<p>Z dniem 1 stycznia Facebook wprowadzi\u0142 zmiany w ustawieniach prywatno\u015bci. Od tej daty up\u0142yn\u0119\u0142o sporo czasu, ale warto przypomnie\u0107 najwa\u017cniejsze punkty. Nowe zasady m\u00f3wi\u0105, \u017ce na profil publiczny u\u017cytkownika sk\u0142ada si\u0119 zdj\u0119cie profilowe, zdj\u0119cie w tle, imi\u0119, nazwisko, p\u0142e\u0107 oraz identyfikator profilu. Tre\u015bci na osi czasu mo\u017cna pokazywa\u0107 dowolnie wybranej grupie os\u00f3b. Wszystko, co u\u017cytkownik udost\u0119pnia publicznie mo\u017ce by\u0107 zebrane przez aplikacj\u0119. Dodatkowo, wszystkie komentarze na stronach i u innych korzystaj\u0105cych z serwisu mog\u0105 mie\u0107 charakter og\u00f3lnodost\u0119pny. Je\u015bli wdali\u015bmy si\u0119 w dyskusj\u0119 pod publicznym postem, to administrator fanpage&#8217;a ma prawo do pokazywania naszych wypowiedzi. Publiczne s\u0105 r\u00f3wnie\u017c informacje o udziale w otwartym wydarzeniu. Bardzo cz\u0119sto je\u015bli kto\u015b pokazuje screen publicznej dyskusji, zamazuje nazwy u\u017cytkownik\u00f3w. Z punktu widzenia ustawie\u0144 prywatno\u015b\u0107 nie jest to konieczne.<\/p>\n<p><a href=\"https:\/\/mediarun.com\/wp-content\/uploads\/2015\/04\/album.png\"><img decoding=\"async\" src=\"https:\/\/mediarun.com\/wp-content\/uploads\/2015\/04\/album.png\" alt=\"album\" width=\"479\" height=\"136\" class=\"alignnone size-full wp-image-152829\" title=\"\"><\/a><\/p>\n<h2>Dbaj, informuj, edukuj<\/h2>\n<p>Nale\u017cy pami\u0119ta\u0107, \u017ce administratorem danych wszystkich u\u017cytkownik\u00f3w jest Facebook, ale tak\u017ce przedsi\u0119biorstwo, kt\u00f3re zak\u0142ada profil (ochrona danych obejmuje wtedy fan\u00f3w). Konstrukcja przejrzystego regulaminu sprawi, \u017ce wi\u0119kszo\u015b\u0107 w\u0105tpliwo\u015bci zostanie wyja\u015bniona na samym pocz\u0105tku. Sama wzmianka o zbieraniu danych mo\u017ce zniech\u0119ci\u0107 jednych, ale \u015bwiadomo\u015b\u0107 ich bezpiecze\u0144stwa sk\u0142oni do udzia\u0142u w zabawie drugich. Je\u015bli aplikacja zbiera dane o u\u017cytkownikach, nale\u017cy poinformowa\u0107 ich o tym wprost. Trzeba przy tym pami\u0119ta\u0107, \u017ce ka\u017cda osoba musi wyrazi\u0107 zgod\u0119 na udost\u0119pnienie swojego adresu mailowego i profilu publicznego. &#8211; <em>&#8222;Aplikacja powinna wy\u015bwietli\u0107 na pocz\u0105tku dialog autoryzacji, kt\u00f3ry informuje, jakie dane chcemy pozyska\u0107. U\u017cytkownik na tym poziomie mo\u017ce zgodnie z prawem \u201eodklika\u0107\u201d dane publiczne, kt\u00f3re nie s\u0105 konieczne do poprawnego u\u017cywania aplikacji (np. lista polubionych stron) &#8222;<\/em>&#8211; twierdzi CEO Prime Time PR.<\/p>\n<p><a href=\"https:\/\/mediarun.com\/wp-content\/uploads\/2015\/04\/dialogautoryzacji.jpg\"><img decoding=\"async\" src=\"https:\/\/mediarun.com\/wp-content\/uploads\/2015\/04\/dialogautoryzacji.jpg\" alt=\"dialogautoryzacji\" width=\"536\" height=\"547\" class=\"alignnone size-full wp-image-152830\" title=\"\"><\/a><\/p>\n<p>Oto przyk\u0142adowe punkty regulaminu korzystania z aplikacji, kt\u00f3re powinny by\u0107 obowi\u0105zkowe. Warto te\u017c na ko\u0144cu doda\u0107 zapis o tym, \u017ce &#8222;w sprawach nieuregulowanych niniejszym regulaminem obowi\u0105zuj\u0105 przepisy prawa polskiego&#8221;  (czyli w tym przypadku ustawy o ochronie danych osobowych).<\/p>\n<p><em>1. Warunkiem uczestnictwa w Konkursie jest zarejestrowanie si\u0119 w aplikacji na portalu  Facebook\u00ae poprzez klikni\u0119cie przycisku \u201eBior\u0119 udzia\u0142\u201d. Aby si\u0119 zarejestrowa\u0107 konieczne s\u0105: akceptacja niniejszego Regulaminu i wyra\u017cenie zgody na przetwarzanie danych osobowych na potrzeby Konkursu.<br \/>\n2. Administratorem danych osobowych Uczestnik\u00f3w Konkursu jest Organizator. Dane przetwarzane b\u0119d\u0105 zgodnie z ustaw\u0105 o ochronie danych osobowych z dnia 29 sierpnia 1997 r. (Dz. U. 2002r., Nr 101, poz. 926 z p\u00f3\u017an. zm.) w celach uczestnictwa, rozstrzygni\u0119cia Konkursu oraz przyznania Nagrody. Zasady przetwarzania danych osobowych s\u0105 okre\u015blone przez Polityk\u0119 prywatno\u015bci.<br \/>\n3. Podanie danych, w tym danych osobowych, dla cel\u00f3w zwi\u0105zanych z Konkursem jest dobrowolne, lecz konieczne do uczestnictwa w Konkursie.<\/em><\/p>\n<p>Kolejny wa\u017cny dokument to polityka prywatno\u015bci. Okre\u015bla ona dok\u0142adnie, jakie dane s\u0105 zbierane, jak s\u0105 przechowywane i chronione oraz w jakim celu. Wskazuje na spos\u00f3b kontaktu z u\u017cytkownikiem (np. w celu przekazania nagrody) i tryb ewentualnej zmiany dotychczasowej polityki prywatno\u015bci. Mo\u017ce by\u0107 elementem regulaminu (np. uj\u0119ta w kilku punktach). <\/p>\n<h2>A co na to prawo?<\/h2>\n<p>Mimo, \u017ce Facebook jest serwisem zarejestrowanym w Stanach Zjednoczonych, ka\u017cde dzia\u0142anie polskiej firmy musi by\u0107 zgodne z odpowiednimi ustawami. Polskie prawo za dane osobowe uwa\u017ca informacje dotycz\u0105ce mo\u017cliwej do zidentyfikowania osoby fizycznej. Akty prawne, kt\u00f3re obowi\u0105zuj\u0105 ka\u017cdego organizatora np. facebookowych konkurs\u00f3w to  ustawa o ochronie danych osobowych i ustawa o \u015bwiadczeniu us\u0142ug drog\u0105 elektroniczn\u0105. Ta druga, zobowi\u0105zuje us\u0142ugodawc\u0119 do stworzenia regulaminu udost\u0119pnionego przed skorzystaniem z us\u0142ugi. Czego tam nie zawrzemy, nie obowi\u0105zuje u\u017cytkownika. <\/p>\n<p>&#8211; <em>W rozumieniu ustawy o ochronie danych osobowych, administratorem danych jest organizator konkursu. Nale\u017cy go jednoznacznie wskaza\u0107, czyli poda\u0107 nazw\u0119 i siedzib\u0119 firmy<\/em> &#8211; twierdzi <strong>Anna Gumowska<\/strong>. <em>Administrator mo\u017ce decydowa\u0107 o tym, jakie s\u0105 cele i \u015brodki przetwarzania danych. Jest to mo\u017cliwe tylko za zgod\u0105 osoby, kt\u00f3rej dotycz\u0105. Nie mo\u017ce by\u0107 ona domniemana ani dorozumiana. Przepis ten jest dodatkowo powt\u00f3rzony w ustawie o \u015bwiadczeniu us\u0142ug drog\u0105 elektroniczn\u0105, co wskazuje na jego istotny charakter<\/em> &#8211; dodaje.<\/p>\n<p>Naszym obowi\u0105zkiem jest poinformowa\u0107 uczestnik\u00f3w o  celu przetwarzania danych i dobrowolno\u015bci ich podania. Brak takich informacji jest karany grzywn\u0105. U\u017cytkownik ma r\u00f3wnie\u017c prawo do pe\u0142nej kontroli swoich danych oraz do \u017c\u0105dania ich usuni\u0119cia. <\/p>\n<p>Z ustawy o \u015bwiadczeniu us\u0142ug drog\u0105 elektroniczn\u0105 wynika tak\u017ce zakaz przesy\u0142ania uczestnikom informacji handlowych bez ich wyra\u017anej zgody. Stanowi j\u0105 ka\u017cda informacja, kt\u00f3ra bezpo\u015brednio lub po\u015brednio promuje towar lub wizerunek przedsi\u0119biorstwa, chyba, \u017ce nie ma ona na celu sprzeda\u017cy. Zgodnie z art. 9 przywo\u0142anej ustawy, zakazane jest przesy\u0142anie niezam\u00f3wionej informacji handlowej skierowanej do oznaczonego odbiorcy b\u0119d\u0105cego osob\u0105 fizyczn\u0105 za pomoc\u0105 \u015brodk\u00f3w komunikacji elektronicznej, w szczeg\u00f3lno\u015bci poczty elektronicznej. Stanowi to czyn nieuczciwej konkurencji.<\/p>\n<p>&#8211; <em>Zgodnie z regulaminem Facebooka zabronione jest organizowanie gier o charakterze losowym. Prawo polskie za\u015b wymaga w takim przypadku zg\u0142oszenia konkursu do izby celnej. Musimy wi\u0119c pami\u0119ta\u0107 o wyeliminowaniu czynnika przypadkowo\u015bci, a wynik gry oprze\u0107 na \u201etwardych\u201d danych<\/em> &#8211; m\u00f3wi <strong>Anna Gumowska<\/strong>.<\/p>\n<p>Nietrudno zauwa\u017cy\u0107, \u017ce organizatorzy konkurs\u00f3w maj\u0105 wi\u0119cej obowi\u0105zk\u00f3w ni\u017c przywilej\u00f3w. Trzeba dostosowa\u0107 si\u0119 do regulaminu Facebooka i polskiego prawa, pami\u0119taj\u0105c o w\u0142a\u015bciwym informowaniu u\u017cytkownik\u00f3w. Stworzenie dobrej aplikacji, kt\u00f3ra nie tylko zbiera dane, ale tak\u017ce je chroni wymaga nielada nak\u0142ad\u00f3w pracy. Przejrzysty regulamin jest jednak kluczem porozumienia pomi\u0119dzy nami a naszymi potencjalnymi klientami. Najwa\u017cniejsza jest zmiana nastawienia. Zbieraj\u0105c dane nie miejmy ukrytych zamiar\u00f3w, lecz powiedzmy otwarcie, co i dlaczego robimy. Wtedy zostan\u0105 z nami u\u017cytkownicy autentycznie zainteresowani mark\u0105, kt\u00f3r\u0105 promujemy.<\/p>\n","protected":false},"excerpt":{"rendered":"Ochrona danych osobowych w internecie to coraz powa\u017cniejszy temat. Cz\u0119sto, zupe\u0142nie nie\u015bwiadomie, przekazujemy wa\u017cne informacje. Jak chroni\u0107 swoje dane na Facebooku w odniesieniu do u\u017cywanych aplikacji? Na te pytanie wyczerpuj\u0105co odpowiedzia\u0142a Ma\u0142gorzata G\u0105dek z firmy Prime Time PR.","protected":false},"author":1,"featured_media":152843,"comment_status":"open","ping_status":"closed","sticky":false,"template":"","format":"standard","meta":{"csco_display_header_overlay":false,"csco_singular_sidebar":"","csco_page_header_type":"","csco_page_load_nextpost":"","csco_post_video_location":[],"csco_post_video_location_hash":"","csco_post_video_url":"","csco_post_video_bg_start_time":0,"csco_post_video_bg_end_time":0,"footnotes":""},"categories":[20],"tags":[6320,6321,5836,4673,128,6322,6323,316],"class_list":{"0":"post-152827","1":"post","2":"type-post","3":"status-publish","4":"format-standard","5":"has-post-thumbnail","7":"category-social-media","8":"tag-anna-gumowska","9":"tag-bezpieczenstwo-danych","10":"tag-bezpieczenstwo-mobilne","11":"tag-digital","12":"tag-facebook","13":"tag-malgorzata-gadek","14":"tag-prime-time-pr","15":"tag-social-media-2","16":"cs-entry","17":"cs-video-wrap"},"_links":{"self":[{"href":"https:\/\/mediarun.com\/pl\/wp-json\/wp\/v2\/posts\/152827","targetHints":{"allow":["GET"]}}],"collection":[{"href":"https:\/\/mediarun.com\/pl\/wp-json\/wp\/v2\/posts"}],"about":[{"href":"https:\/\/mediarun.com\/pl\/wp-json\/wp\/v2\/types\/post"}],"author":[{"embeddable":true,"href":"https:\/\/mediarun.com\/pl\/wp-json\/wp\/v2\/users\/1"}],"replies":[{"embeddable":true,"href":"https:\/\/mediarun.com\/pl\/wp-json\/wp\/v2\/comments?post=152827"}],"version-history":[{"count":0,"href":"https:\/\/mediarun.com\/pl\/wp-json\/wp\/v2\/posts\/152827\/revisions"}],"wp:featuredmedia":[{"embeddable":true,"href":"https:\/\/mediarun.com\/pl\/wp-json\/wp\/v2\/media\/152843"}],"wp:attachment":[{"href":"https:\/\/mediarun.com\/pl\/wp-json\/wp\/v2\/media?parent=152827"}],"wp:term":[{"taxonomy":"category","embeddable":true,"href":"https:\/\/mediarun.com\/pl\/wp-json\/wp\/v2\/categories?post=152827"},{"taxonomy":"post_tag","embeddable":true,"href":"https:\/\/mediarun.com\/pl\/wp-json\/wp\/v2\/tags?post=152827"}],"curies":[{"name":"wp","href":"https:\/\/api.w.org\/{rel}","templated":true}]}}