{"id":152779,"date":"2015-04-13T11:56:36","date_gmt":"2015-04-13T11:56:36","guid":{"rendered":"https:\/\/mediarun.com\/pl\/?p=152779"},"modified":"2015-04-18T10:04:58","modified_gmt":"2015-04-18T10:04:58","slug":"nowy-naczelny-magazynu-sukces","status":"publish","type":"post","link":"https:\/\/mediarun.com\/pl\/media\/prasa\/nowy-naczelny-magazynu-sukces.html","title":{"rendered":"Nowy naczelny magazynu SUKCES"},"content":{"rendered":"<p>Nowy redaktor naczelny magazynu SUKCES Cezary Szymanek zapowiada zmian\u0119 formu\u0142y miesi\u0119cznika.  <\/p>\n<p>&#8211;<em> Magazyn SUKCES, jak sama nazwa wskazuje, b\u0119dzie opowiada\u0142 o ludziach, kt\u00f3rzy nie boj\u0105 si\u0119 wypowiedzie\u0107 tego s\u0142owa. Zar\u00f3wno o tych, kt\u00f3rzy ju\u017c ten sukces osi\u0105gn\u0119li &#8211; nie tylko w sferze biznesowej &#8211; jak r\u00f3wnie\u017c o tych, kt\u00f3rzy aspiruj\u0105 do bycia cz\u0142owiekiem sukcesu. Ale tak\u017ce &#8211; co r\u00f3wnie\u017c wa\u017cne &#8211; b\u0119dzie to pismo z pozytywnym podej\u015bciem do rzeczywisto\u015bci, czego tak bardzo nam brakuje w publicznej dyskusji o \u017cyciu w Polsce <\/em>&#8211; <strong>m\u00f3wi Cezary Szymanek<\/strong>. <\/p>\n<p>Od najbli\u017cszego numeru (maj 2015) magazyn nie tylko zmieni swoj\u0105 zawarto\u015b\u0107, ale i szat\u0119 graficzn\u0105 oraz logo. Jego nowa ods\u0142on\u0119 b\u0119dziemy mogli zobaczy\u0107 w kioskach ju\u017c 17 kwietnia. <\/p>\n<p>Wcze\u015bniej Cezary Szymanek by\u0142 szefem dzia\u0142u informacji w Radiu PiN i prowadzi\u0142 audycj\u0119 &#8222;Go\u015b\u0107 Radia PiN&#8221;. <\/p>\n<p>W Grupie ITI by\u0142 dyrektorem programowym serwisu tenbit.pl oraz tw\u00f3rc\u0105 i producentem programu nadawanego pod tak\u0105 sam\u0105 nazw\u0105 na antenie TVN.  Zwi\u0105zany by\u0142 r\u00f3wnie\u017c z TVP1, RTL 7, Radiem Zet i Radiem Kolor..<\/p>\n<p>Szymanek jest laureatem Nagrody im. W\u0142adys\u0142awa Grabskiego przyznawanej przez NBP dla najlepszego dziennikarza ekonomicznego oraz &#8222;Ostrego Pi\u00f3ra&#8221;, wyr\u00f3\u017cnienia nadawanego przez Business Centre Club.<\/p>\n","protected":false},"excerpt":{"rendered":"Od kwietnia br. Cezary Szymanek zosta\u0142 redaktorem naczelnym magazynu SUKCES. To drugi tytu\u0142 w wydawnictwie Gremi, kt\u00f3remu obecnie szefuje. Od 2012 roku Szymanek jest tak\u017ce redaktorem naczelnym Bloomberg Businessweek Polska.","protected":false},"author":1,"featured_media":152780,"comment_status":"open","ping_status":"closed","sticky":false,"template":"","format":"standard","meta":{"csco_display_header_overlay":false,"csco_singular_sidebar":"","csco_page_header_type":"","csco_page_load_nextpost":"","csco_post_video_location":[],"csco_post_video_location_hash":"","csco_post_video_url":"","csco_post_video_bg_start_time":0,"csco_post_video_bg_end_time":0,"footnotes":""},"categories":[9673],"tags":[3621,5475,6310,6311,4679,3579],"class_list":{"0":"post-152779","1":"post","2":"type-post","3":"status-publish","4":"format-standard","5":"has-post-thumbnail","7":"category-prasa","8":"tag-awans","9":"tag-bloomberg-businessweek-polska","10":"tag-cezary-szymanek","11":"tag-gremi","12":"tag-ludzie","13":"tag-sukces","14":"cs-entry","15":"cs-video-wrap"},"_links":{"self":[{"href":"https:\/\/mediarun.com\/pl\/wp-json\/wp\/v2\/posts\/152779","targetHints":{"allow":["GET"]}}],"collection":[{"href":"https:\/\/mediarun.com\/pl\/wp-json\/wp\/v2\/posts"}],"about":[{"href":"https:\/\/mediarun.com\/pl\/wp-json\/wp\/v2\/types\/post"}],"author":[{"embeddable":true,"href":"https:\/\/mediarun.com\/pl\/wp-json\/wp\/v2\/users\/1"}],"replies":[{"embeddable":true,"href":"https:\/\/mediarun.com\/pl\/wp-json\/wp\/v2\/comments?post=152779"}],"version-history":[{"count":0,"href":"https:\/\/mediarun.com\/pl\/wp-json\/wp\/v2\/posts\/152779\/revisions"}],"wp:featuredmedia":[{"embeddable":true,"href":"https:\/\/mediarun.com\/pl\/wp-json\/wp\/v2\/media\/152780"}],"wp:attachment":[{"href":"https:\/\/mediarun.com\/pl\/wp-json\/wp\/v2\/media?parent=152779"}],"wp:term":[{"taxonomy":"category","embeddable":true,"href":"https:\/\/mediarun.com\/pl\/wp-json\/wp\/v2\/categories?post=152779"},{"taxonomy":"post_tag","embeddable":true,"href":"https:\/\/mediarun.com\/pl\/wp-json\/wp\/v2\/tags?post=152779"}],"curies":[{"name":"wp","href":"https:\/\/api.w.org\/{rel}","templated":true}]}}