{"id":152579,"date":"2015-04-10T11:40:09","date_gmt":"2015-04-10T11:40:09","guid":{"rendered":"https:\/\/mediarun.com\/pl\/?p=152579"},"modified":"2015-04-10T13:32:15","modified_gmt":"2015-04-10T13:32:15","slug":"poznan-stawia-na-zawodowcow","status":"publish","type":"post","link":"https:\/\/mediarun.com\/pl\/marketing\/atl\/poznan-stawia-na-zawodowcow.html","title":{"rendered":"Pozna\u0144 stawia na zawodowc\u00f3w"},"content":{"rendered":"<p>Brak specjalist\u00f3w nie jest wy\u0142\u0105cznie problemem Poznania. To w\u0142a\u015bnie dlatego Ministerstwo Edukacji Narodowej rok 2015 nazwa\u0142o Rokiem Szk\u00f3\u0142 Zawodowych. Ws\u0142uchuj\u0105c si\u0119 w potrzeby pracodawc\u00f3w Pozna\u0144 postawi\u0142 na promocj\u0119 szkolnictwa zawodowego. <\/p>\n<p>Kampania, kt\u00f3ra ruszy\u0142a w kwietniu, ma przekona\u0107 m\u0142odych ludzi i ich rodzic\u00f3w, \u017ce warto rozwa\u017cy\u0107 kontynuacj\u0119 nauki w szkole zawodowej. \u2013<em> M\u00f3wimy wprost: wyuczony zaw\u00f3d techniczny daje sporo mo\u017cliwo\u015bci. W obecnej sytuacji na rynku pracy zdecydowanie lepiej odnajduj\u0105 si\u0119 przecie\u017c specjali\u015bci ni\u017c absolwenci szk\u00f3\u0142 wy\u017cszych<\/em> \u2013 wyja\u015bnia <strong>prezydent Poznania, Jacek Ja\u015bkowiak<\/strong>. <\/p>\n<h2>Dlaczego szko\u0142a zawodowa?<\/h2>\n<p>O tym, \u017ce warto mie\u0107 fach w r\u0119ku \u015bwiadczy m.in. historia Karola Rzeszutko. Maj\u0105c za sob\u0105 karier\u0119 sportowca i specjalisty w korporacji, jeszcze przed trzydziestk\u0105 stwierdzi\u0142, \u017ce praca za biurkiem nie jest jego pasj\u0105. Postanowi\u0142 rozwija\u0107 firm\u0119 dziadka \u2013 Henryka Krupy, wieloletniego mistrza w zawodzie krawca. \u2013 Wcze\u015bniej pr\u00f3bowa\u0142em swoich si\u0142 w logistyce, ale nie sprawia\u0142o mi to satysfakcji. Chcia\u0142em wr\u00f3ci\u0107 do korzeni i kontynuowa\u0107 rodzinn\u0105 tradycj\u0119. Zda\u0142em egzamin mistrzowski i razem z dziadkiem od lat prowadzimy zak\u0142ad krawiecki. Szyte u nas ubrania, kt\u00f3re kojarzone s\u0105 z ekskluzywn\u0105 sztuk\u0105 krawiectwa angielskiego, z sukcesem rywalizuj\u0105 z zachodnimi markami \u2013 m\u00f3wi Karol Rzeszutko z Pracowni Krawieckiej Krupa&#038;Rzeszutko.<\/p>\n<h2>Spawaczka i kucharz u\u015bmiechn\u0105 si\u0119 z plakatu<\/h2>\n<p>Kampania promuj\u0105ca szkolnictwo zawodowe w Poznaniu ruszy\u0142a 8 kwietnia i obejmuje przede wszystkim dzia\u0142ania o zasi\u0119gu lokalnym. Reklamy zach\u0119caj\u0105ce gimnazjalist\u00f3w do zapoznania si\u0119 z ofert\u0105 edukacyjn\u0105 szk\u00f3\u0142 zawodowych pojawi\u0105 si\u0119 w Internecie na portalach m\u0142odzie\u017cowych, na no\u015bnikach zewn\u0119trznych w s\u0105siedztwie szk\u00f3\u0142 gimnazjalnych, w prasie lokalnej, telewizji i w radiu. Na stronie internetowej www.zawodowcy.poznan.pl b\u0119dzie mo\u017cna znale\u017a\u0107 wszystkie niezb\u0119dne informacje o szkoleniu zawodowym w stolicy Wielkopolski i pi\u0119ciu szko\u0142ach powiatu pozna\u0144skiego, zapozna\u0107 si\u0119 z ich ofert\u0105, a w formie kr\u00f3tkich quiz\u00f3w sprawdzi\u0107 swoje predyspozycje zawodowe. Pod koniec kwietnia w pozna\u0144skiej Arenie odb\u0119d\u0105 si\u0119 te\u017c targi szk\u00f3\u0142 zawodowych, podczas kt\u00f3rych b\u0119dzie mo\u017cna np. zdoby\u0107 praktyczn\u0105 wiedz\u0119 jak naprawi\u0107 samoch\u00f3d czy udekorowa\u0107 ciasto. <\/p>\n<p>\u2013 <em>Kampania ma charakter edukacyjno-informacyjny, ale podejmuj\u0105c te dzia\u0142ania chcemy tak\u017ce budowa\u0107 wizerunek miasta, kt\u00f3re stwarza doskona\u0142e warunki do rozwoju swoich kompetencji i umiej\u0119tno\u015bci oraz kt\u00f3re kszta\u0142ci praktycznie<\/em>  \u2013 ko\u0144czy Jakub Kr\u00f3l, p.o. zast\u0119pcy dyrektora Biura Promocji Miasta.<\/p>\n<p>Za kreacj\u0119 kampanii odpowiada firma JUST, za zakup medi\u00f3w Media Concept. <\/p>\n<p><a href=\"https:\/\/mediarun.com\/wp-content\/uploads\/2015\/04\/Zawodowcy-prasa_1b.jpg\"><img fetchpriority=\"high\" decoding=\"async\" src=\"https:\/\/mediarun.com\/wp-content\/uploads\/2015\/04\/Zawodowcy-prasa_1b.jpg\" alt=\"Zawodowcy-prasa_1b\" width=\"687\" height=\"964\" class=\"alignnone size-full wp-image-152580\" title=\"\" srcset=\"https:\/\/mediarun.com\/pl\/wp-content\/uploads\/2015\/04\/Zawodowcy-prasa_1b.jpg 687w, https:\/\/mediarun.com\/pl\/wp-content\/uploads\/2015\/04\/Zawodowcy-prasa_1b-499x700.jpg 499w\" sizes=\"(max-width: 687px) 100vw, 687px\" \/><\/a><\/p>\n<p><a href=\"https:\/\/mediarun.com\/wp-content\/uploads\/2015\/04\/Zawodowcy-prasa_2a.jpg\"><img decoding=\"async\" src=\"https:\/\/mediarun.com\/wp-content\/uploads\/2015\/04\/Zawodowcy-prasa_2a.jpg\" alt=\"Zawodowcy-prasa_2a\" width=\"687\" height=\"964\" class=\"alignnone size-full wp-image-152581\" title=\"\" srcset=\"https:\/\/mediarun.com\/pl\/wp-content\/uploads\/2015\/04\/Zawodowcy-prasa_2a.jpg 687w, https:\/\/mediarun.com\/pl\/wp-content\/uploads\/2015\/04\/Zawodowcy-prasa_2a-499x700.jpg 499w\" sizes=\"(max-width: 687px) 100vw, 687px\" \/><\/a><\/p>\n","protected":false},"excerpt":{"rendered":"Cukiernik, ogrodnik, stolarz czy tapicer \u2013 to oni najcz\u0119\u015bciej poszukiwani s\u0105 przez pracodawc\u00f3w. Pozna\u0144 chce w\u0142\u0105czy\u0107 si\u0119 do og\u00f3lnopolskiej debaty na temat potrzeb rynku pracy i radzi: wybierz szko\u0142\u0119 zawodow\u0105, zostaniesz specjalist\u0105, a w efekcie bez problemu znajdziesz prac\u0119. Od 8 kwietnia w ramach kampanii promuj\u0105cej szkolnictwo zawodowe zach\u0119ca do tego pozna\u0144skich gimnazjalist\u00f3w.","protected":false},"author":1,"featured_media":152583,"comment_status":"open","ping_status":"closed","sticky":false,"template":"","format":"standard","meta":{"csco_display_header_overlay":false,"csco_singular_sidebar":"","csco_page_header_type":"","csco_page_load_nextpost":"","csco_post_video_location":[],"csco_post_video_location_hash":"","csco_post_video_url":"","csco_post_video_bg_start_time":0,"csco_post_video_bg_end_time":0,"footnotes":""},"categories":[9642],"tags":[952,3211,1439,3172,897,200],"class_list":{"0":"post-152579","1":"post","2":"type-post","3":"status-publish","4":"format-standard","5":"has-post-thumbnail","7":"category-atl","8":"tag-just","9":"tag-kampania-reklamowa","10":"tag-media-concept","11":"tag-miasto","12":"tag-poznan","13":"tag-reklama","14":"cs-entry","15":"cs-video-wrap"},"_links":{"self":[{"href":"https:\/\/mediarun.com\/pl\/wp-json\/wp\/v2\/posts\/152579","targetHints":{"allow":["GET"]}}],"collection":[{"href":"https:\/\/mediarun.com\/pl\/wp-json\/wp\/v2\/posts"}],"about":[{"href":"https:\/\/mediarun.com\/pl\/wp-json\/wp\/v2\/types\/post"}],"author":[{"embeddable":true,"href":"https:\/\/mediarun.com\/pl\/wp-json\/wp\/v2\/users\/1"}],"replies":[{"embeddable":true,"href":"https:\/\/mediarun.com\/pl\/wp-json\/wp\/v2\/comments?post=152579"}],"version-history":[{"count":0,"href":"https:\/\/mediarun.com\/pl\/wp-json\/wp\/v2\/posts\/152579\/revisions"}],"wp:featuredmedia":[{"embeddable":true,"href":"https:\/\/mediarun.com\/pl\/wp-json\/wp\/v2\/media\/152583"}],"wp:attachment":[{"href":"https:\/\/mediarun.com\/pl\/wp-json\/wp\/v2\/media?parent=152579"}],"wp:term":[{"taxonomy":"category","embeddable":true,"href":"https:\/\/mediarun.com\/pl\/wp-json\/wp\/v2\/categories?post=152579"},{"taxonomy":"post_tag","embeddable":true,"href":"https:\/\/mediarun.com\/pl\/wp-json\/wp\/v2\/tags?post=152579"}],"curies":[{"name":"wp","href":"https:\/\/api.w.org\/{rel}","templated":true}]}}