{"id":1520,"date":"2013-05-16T20:34:50","date_gmt":"2013-05-16T18:34:50","guid":{"rendered":"https:\/\/mediarun.com\/index.php\/news-posts\/carolyn-everson-vice-president-facebooka-bedzie-gosciem-specialnym-mediarun-festival\/"},"modified":"2015-01-13T01:27:49","modified_gmt":"2015-01-13T01:27:49","slug":"carolyn-everson-vice-president-facebooka-bedzie-gosciem-specialnym-mediarun-festival","status":"publish","type":"post","link":"https:\/\/mediarun.com\/pl\/digital\/social-media\/carolyn-everson-vice-president-facebooka-bedzie-gosciem-specialnym-mediarun-festival.html","title":{"rendered":"Carolyn Everson &#8211; vice president Facebooka b\u0119dzie go\u015bciem specialnym Mediarun Festival"},"content":{"rendered":"<p><span style=\"font-size: 12px;\">Everson stoi na czele zespo\u0142u odpowiadaj\u0105cego za globalne rozwi\u0105zania marketingowe dla najwa\u017cniejszych strategicznych klient&oacute;w Facebooka oraz globalnych agencji wsp&oacute;\u0142pracuj\u0105cych z serwisem. Sprawuje r&oacute;wnie\u017c nadz&oacute;r nad strategi\u0119 medialn\u0105, sprzeda\u017c\u0105 reklam i zarz\u0105dzaniem projektami marketingowymi realizowanymi na Facebooku.<\/span><\/p>\n<p>Wcze\u015bniej by\u0142a zwi\u0105zana z takimi firmami jak Microsoft, MTV Networks, czy Primedia Inc., gdzie jako wiceprezes i dyrektor generalny kilku firm cyfrowych, odpowiada\u0142a za rozw&oacute;j takich marek jak Zagat Survey i Walt Disney Imagineering.<\/p>\n<p>Everson zosta\u0142a okre\u015blona mianem &bdquo;Woman to Watch&#8221;, a magazyn Fortune umie\u015bci\u0142 j\u0105 przez dwa kolejne lata na li\u015bcie &bdquo;the top 40 under 40&#8243;. Zosta\u0142a r&oacute;wnie\u017c wyr&oacute;\u017cniona przez AWNY (Kobiety Reklamy Nowy Jork) jako &#8222;Changing the Game&#8221;. W swoim portfolio ma tak\u017ce presti\u017cow\u0105 nagrod\u0119 Ameryka\u0144skiej Federacji Reklamy przyznawan\u0105 osobom poni\u017cej 40 roku \u017cycia. Obecnie jest cz\u0142onkiem zarz\u0105du Effies i DMG.<\/p>\n<p>Podczas Mediarun Festivalu Carolyn wyg\u0142osi prezentacj\u0119 po\u015bwi\u0119con\u0105 budowaniu trwa\u0142ych relacji z klientami na du\u017c\u0105 skal\u0119. Jej prelekcja odb\u0119dzie si\u0119 12 czerwca o godzinie 16.30 w Filharmonii Ba\u0142tyckiej.<\/p>\n<p>Pawe\u0142 Netczuk, pomys\u0142odawca i organizator wydarzenia podkre\u015bla: &bdquo;Jeste\u015bmy na finalnym etapie przygotowa\u0144 i w tym momencie mog\u0119 powiedzie\u0107, \u017ce lista ekspert&oacute;w, kt&oacute;rych uda\u0142o nam si\u0119 zaprosi\u0107 na Festival w roli speaker&oacute;w, spe\u0142ni\u0142a nasze za\u0142o\u017cenia o stworzeniu w Polsce wydarzenia biznesowo &#8211; marketingowego z silnym mi\u0119dzynarodowym pierwiastkiem&#8221; i dodaje:  &bdquo;Bardzo cieszymy si\u0119, \u017ce Festival zaszczyci swoj\u0105 obecno\u015bci\u0105 Carolyn Everson. Jest to jej pierwsza wizyta w Polsce, a tym samym wyj\u0105tkowa okazja, do podzielenia si\u0119 swoim bogatym do\u015bwiadczeniem i wiedz\u0105, kt&oacute;re z pewno\u015bci\u0105 spotkaj\u0105 si\u0119 z \u017cywym zainteresowaniem naszych uczestnik&oacute;w.&#8221;<\/p>\n<p>&bdquo;Cieszymy si\u0119, \u017ce Carolyn b\u0119dzie mia\u0142a okazj\u0119 przemawia\u0107 na imprezie Mediarun Festival&#8221; &#8211; dodaje Marcin Bru\u015b, Client Partner CEE, Facebook. &bdquo;Z jednej strony jest to dow&oacute;d na to, jak wa\u017cna dla Facebooka jest Polska &#8211; w zesz\u0142ym roku nasz kraj do\u0142\u0105czy\u0142 do kr&oacute;tkiej listy pa\u0144stw europejskich, w kt&oacute;rych Facebook ma swoje biuro. Z drugiej &#8211; \u015bwietna okazja dla polskich marketer&oacute;w do spotkania jednej z kluczowych os&oacute;b Facebooka&#8221;.<\/p>\n<p>W\u015br&oacute;d prelegent&oacute;w Festivalu pojawi\u0105 si\u0119  tak\u017ce m.in.: ekspert od Pokolenia Y, Joeri van den Bergh, autor bestselleru pt. &bdquo;Jak kreowa\u0107 marki, kt&oacute;re pokocha pokolenie Y&#8221;, specjalistka od marketingu skierowanego do  kobiet Stephanie Holland, uznana przez ameryka\u0144sk\u0105 edycj\u0119 Forbes&#8217;a za jedn\u0105 z&nbsp;20 najlepszych blogerek pisz\u0105cych o marketingu, czy Christian von den Brincken, dyrektor marketingu Str&ouml;er. Swoj\u0105 prelekcj\u0119 wyg\u0142osi tak\u017ce Clark Parson z Berlin School of Creative Leadership, Gabi Salinas Global Brand Manager z&nbsp;Deloitte oraz Daniel Frazekas z&nbsp;Replise. Zagraniczni speakerzy stanowi\u0107 b\u0119d\u0105 ponad po\u0142ow\u0119 wszystkich ekspert&oacute;w. W\u015br&oacute;d polskich prelegent&oacute;w wyst\u0105pi m.in. Natalia Hatalska.<\/p>\n<p>Mediarun Festival odb\u0119dzie si\u0119 w dniach 12 &#8211; 15 czerwca w gda\u0144skiej Filharmonii Ba\u0142tyckiej. Pierwsze dwa dni Festivalu stanowi\u0107 b\u0119dzie Kongres, kt&oacute;ry jest cz\u0119\u015bci\u0105 merytoryczn\u0105. W dw&oacute;ch r&oacute;wnoleg\u0142ych \u015bcie\u017ckach edukacyjnych prelekcji udzieli ponad  40 speaker&oacute;w. Trzeciego dnia odb\u0119dzie si\u0119 Leaders in Poland, wyj\u0105tkowe spotkanie z liderami biznesu. Wiecz&oacute;r 14 czerwca dope\u0142ni Gala Fina\u0142owa Konkursu Dyrektor Marketingu Roku. <br \/>Sobota, 15 czerwca, b\u0119dzie dniem po\u015bwi\u0119conym aktywno\u015bci rekreacyjnej dla uczestnik&oacute;w, kt&oacute;rzy zdecyduj\u0105 si\u0119 zosta\u0107 w Gda\u0144sku d\u0142u\u017cej.<\/p>\n<p>Wi\u0119cej informacji  oraz formularz zg\u0142oszeniowy na stronie: <a href=\"https:\/\/mediarun.com\/festival\/\">https:\/\/mediarun.com\/festival\/<\/a><\/p>\n","protected":false},"excerpt":{"rendered":"W dniach 12 &#8211; 15 czerwca w Gda\u0144sku odb\u0119dzie si\u0119 Mediarun Festival, najwa\u017cniejsze marketingowo &#8211; biznesowe wydarzenie w centralnej Europie.&nbsp;Go\u015bciem specjalnym wydarzenia b\u0119dzie&nbsp;Carolyn Everson&nbsp;Vice President, Global Marketing Solutions Facebooka. B\u0119dzie to jej pierwsza wizyta w Polsce.","protected":false},"author":1,"featured_media":1521,"comment_status":"open","ping_status":"closed","sticky":false,"template":"","format":"standard","meta":{"csco_display_header_overlay":false,"csco_singular_sidebar":"","csco_page_header_type":"","csco_page_load_nextpost":"","csco_post_video_location":[],"csco_post_video_location_hash":"","csco_post_video_url":"","csco_post_video_bg_start_time":0,"csco_post_video_bg_end_time":0,"footnotes":""},"categories":[9651,20],"tags":[128],"class_list":{"0":"post-1520","1":"post","2":"type-post","3":"status-publish","4":"format-standard","5":"has-post-thumbnail","7":"category-event","8":"category-social-media","9":"tag-facebook","10":"cs-entry","11":"cs-video-wrap"},"_links":{"self":[{"href":"https:\/\/mediarun.com\/pl\/wp-json\/wp\/v2\/posts\/1520","targetHints":{"allow":["GET"]}}],"collection":[{"href":"https:\/\/mediarun.com\/pl\/wp-json\/wp\/v2\/posts"}],"about":[{"href":"https:\/\/mediarun.com\/pl\/wp-json\/wp\/v2\/types\/post"}],"author":[{"embeddable":true,"href":"https:\/\/mediarun.com\/pl\/wp-json\/wp\/v2\/users\/1"}],"replies":[{"embeddable":true,"href":"https:\/\/mediarun.com\/pl\/wp-json\/wp\/v2\/comments?post=1520"}],"version-history":[{"count":0,"href":"https:\/\/mediarun.com\/pl\/wp-json\/wp\/v2\/posts\/1520\/revisions"}],"wp:featuredmedia":[{"embeddable":true,"href":"https:\/\/mediarun.com\/pl\/wp-json\/wp\/v2\/media\/1521"}],"wp:attachment":[{"href":"https:\/\/mediarun.com\/pl\/wp-json\/wp\/v2\/media?parent=1520"}],"wp:term":[{"taxonomy":"category","embeddable":true,"href":"https:\/\/mediarun.com\/pl\/wp-json\/wp\/v2\/categories?post=1520"},{"taxonomy":"post_tag","embeddable":true,"href":"https:\/\/mediarun.com\/pl\/wp-json\/wp\/v2\/tags?post=1520"}],"curies":[{"name":"wp","href":"https:\/\/api.w.org\/{rel}","templated":true}]}}