{"id":151701,"date":"2015-03-26T14:55:36","date_gmt":"2015-03-26T14:55:36","guid":{"rendered":"https:\/\/mediarun.com\/pl\/?p=151701"},"modified":"2015-04-08T13:17:46","modified_gmt":"2015-04-08T13:17:46","slug":"nowy-dyrektor-marketingu-w-grupie-ccc","status":"publish","type":"post","link":"https:\/\/mediarun.com\/pl\/ludzie\/awanse\/nowy-dyrektor-marketingu-w-grupie-ccc.html","title":{"rendered":"Nowy Dyrektor Marketingu w Grupie CCC"},"content":{"rendered":"<p>Grupa CCC jest liderem na rynku obuwniczym w Polsce. Zadaniem nowego dyrektora marketingu b\u0119dzie przygotowanie i realizacja globalnej strategii marki, kt\u00f3ra wp\u0142ynie na rozw\u00f3j sprzeda\u017cy mi\u0119dzynarodowej. <\/p>\n<p>Marek Kmiecik do ko\u0144ca pa\u017adziernika 2014 roku pe\u0142ni\u0142 funkcj\u0119 wiceprezesa i dyrektora marketingu grupy Tarczy\u0144ski SA. Wcze\u015bniej zwi\u0105zany by\u0142 z grup\u0105 Kofola SA (do grupy nale\u017cy m.in. Hoop Polska SA), w kt\u00f3rej pe\u0142ni\u0142 obowi\u0105zki dyrektora marketingu i cz\u0142onka zarz\u0105du oraz przez 11 lat pracowa\u0142 w firmie Mieszko zajmuj\u0105c stanowiska od marketing managera do dyrektora marketingu. Do\u015bwiadczenie marketera prze\u0142o\u017cy\u0142o si\u0119 na sukcesy w konkursach bran\u017cowych, jest laureatem konkursu Dyrektor Marketingu Roku 2011 oraz Cz\u0142owiek Marketingu i Sprzeda\u017cy Brief 2012.<\/p>\n","protected":false},"excerpt":{"rendered":"Marek Kmiecik, dotychczas kieruj\u0105cy dzia\u0142aniami marketingowymi m.in. dla firm Hoop Polska i Tarczy\u0144ski obj\u0105\u0142 nowo utworzone stanowisko dyrektora marketingu w Grupie CCC.","protected":false},"author":1,"featured_media":151702,"comment_status":"open","ping_status":"closed","sticky":false,"template":"","format":"standard","meta":{"csco_display_header_overlay":false,"csco_singular_sidebar":"","csco_page_header_type":"","csco_page_load_nextpost":"","csco_post_video_location":[],"csco_post_video_location_hash":"","csco_post_video_url":"","csco_post_video_bg_start_time":0,"csco_post_video_bg_end_time":0,"footnotes":""},"categories":[9678],"tags":[3621,6099,3814,6098,249,6097,6100],"class_list":{"0":"post-151701","1":"post","2":"type-post","3":"status-publish","4":"format-standard","5":"has-post-thumbnail","7":"category-awanse","8":"tag-awans","9":"tag-ccc","10":"tag-dyrektor-marketingu","11":"tag-grupa-ccc","12":"tag-hoop-polska","13":"tag-marek-kmiecik","14":"tag-tarczynski","15":"cs-entry","16":"cs-video-wrap"},"_links":{"self":[{"href":"https:\/\/mediarun.com\/pl\/wp-json\/wp\/v2\/posts\/151701","targetHints":{"allow":["GET"]}}],"collection":[{"href":"https:\/\/mediarun.com\/pl\/wp-json\/wp\/v2\/posts"}],"about":[{"href":"https:\/\/mediarun.com\/pl\/wp-json\/wp\/v2\/types\/post"}],"author":[{"embeddable":true,"href":"https:\/\/mediarun.com\/pl\/wp-json\/wp\/v2\/users\/1"}],"replies":[{"embeddable":true,"href":"https:\/\/mediarun.com\/pl\/wp-json\/wp\/v2\/comments?post=151701"}],"version-history":[{"count":0,"href":"https:\/\/mediarun.com\/pl\/wp-json\/wp\/v2\/posts\/151701\/revisions"}],"wp:featuredmedia":[{"embeddable":true,"href":"https:\/\/mediarun.com\/pl\/wp-json\/wp\/v2\/media\/151702"}],"wp:attachment":[{"href":"https:\/\/mediarun.com\/pl\/wp-json\/wp\/v2\/media?parent=151701"}],"wp:term":[{"taxonomy":"category","embeddable":true,"href":"https:\/\/mediarun.com\/pl\/wp-json\/wp\/v2\/categories?post=151701"},{"taxonomy":"post_tag","embeddable":true,"href":"https:\/\/mediarun.com\/pl\/wp-json\/wp\/v2\/tags?post=151701"}],"curies":[{"name":"wp","href":"https:\/\/api.w.org\/{rel}","templated":true}]}}