{"id":15151,"date":"2011-06-21T23:51:12","date_gmt":"2011-06-21T21:51:12","guid":{"rendered":"https:\/\/mediarun.com\/index.php\/superfakt-w-rmf-fm\/"},"modified":"2011-06-21T23:51:12","modified_gmt":"2011-06-21T21:51:12","slug":"superfakt-w-rmf-fm","status":"publish","type":"post","link":"https:\/\/mediarun.com\/pl\/marketing\/superfakt-w-rmf-fm.html","title":{"rendered":"Superfakt w RMF FM"},"content":{"rendered":"<p>Podczas wakacji codziennie mi\u0119dzy 5:30 a 9:30 emitowany b\u0119dzie program  &#8222;Wstawaj, szkoda lata&#8221; prowadzony przez Przemys\u0142awa Skowrona wraz z Marcinem Ziobro oraz Witolda Lazara z Tomaszem Olbratowskim.<\/p>\n<p>W letniej ods\u0142onie programu znajdzie si\u0119 pi\u0119\u0107 nowych pozycji: &#8222;Superfakt&#8221; (historia opisana j\u0119zykiem tabloid&oacute;w) &#8211; czyta Robert G&oacute;rski z Kabaretu Moralnego Niepokoju; &#8222;Przygody Misia Karambola&#8221; &#8211; czyta Witold Zborowski; &#8222;Szko\u0142a wdzi\u0119ku D\u017co\u0142any Kluchy&#8221; &#8211;  czyli porady udzielane modelk\u0119 Joann\u0119 Krup\u0119 oraz programy &#8222;Biuro Obs\u0142ugi Turysty&#8221; i &#8222;Poczt&oacute;wka z wakacji&#8221;.<\/p>\n<p>Codziennie od 9:30 do 17:30 RMF FM prze\u0142\u0105cza\u0107 si\u0119 b\u0119dzie na &#8222;Czas Letni w RMF FM&#8221;. Gospodarzami pasma b\u0119d\u0105: Daniel Dyk, S\u0142awomir Kowalewski, Krzysztof Urbaniak i Piotr Jaworski. Wakacje w stacji to tak\u017ce &#8222;S\u0142oneczna Kumulacja&#8221;, konkurs RMF FM w nowej, letniej ods\u0142onie.<\/p>\n<p>W &#8222;Czasie Letnim&#8221; znajd\u0105 si\u0119 nowe programy: &#8222;Wakacje dooko\u0142a \u015bwiata&#8221;, &#8222;T-shirt lata&#8221;, &#8222;Wakacyjna encyklopedia pogody&#8221;, &#8222;Bajeczna Polska&#8221; oraz &#8222;Gor\u0105ce przeboje&#8221; i &#8222;Szko\u0142a Letniego Podrywu&#8221;.<\/p>\n<p>Od  poniedzia\u0142ku do pi\u0105tku, od 17:30 do 21:30 , Marcin J\u0119drych, na zmian\u0119 z Darkiem  Maciborkiem, poprowadz\u0105 wakacyjn\u0105 &#8222;Poplist\u0119&#8221;.<\/p>\n<p>W  soboty  i  niedziele &#8222;Poplista&#8221; zamieni si\u0119 w &#8222;Przeb&oacute;j lata&#8221;, kt&oacute;ry tak\u017ce i w tym roku s\u0142uchacze b\u0119d\u0105 wybierali co tydzie\u0144 , g\u0142osuj\u0105c na stronie. Pod koniec wakacji wybrany zostanie jeden &#8222;Przeb&oacute;j Lata&#8221;, kt&oacute;ry uzyska\u0142 najwi\u0119ksz\u0105 liczb\u0119 g\u0142os&oacute;w.<\/p>\n<p>W niedziele, od rana do popo\u0142udnia emitowany b\u0119dzie powracaj\u0105cy na anten\u0119 program &#8222;Swoj\u0105 drog\u0105&#8221; Marty Grzywacz i S\u0142awomira Kowalewskiego. Wieczorem, od poniedzia\u0142ku do niedzieli, na anten\u0119 zaprasza &#8222;Miasto Muzyki&#8221; (21:30-1:30), prowadzone na  zmian\u0119 przez Mart\u0119 Grzywacz, Roberta Konatowicza i Tomasza Brhela. W tym pa\u015bmie dwie nowo\u015bci: &#8222;Wakacyjny spis przes\u0105d&oacute;w \u015bwiata&#8221; oraz &#8222;Biblioteka na pla\u017cy dla czytelnik&oacute;w-pasjonat&oacute;w&#8221; oraz &#8222;Wakacyjna poczta RMF FM&#8221;, konkurs &#8222;Muzyczna fotografia&#8221; i &#8222;Nowo\u015bci na nadchodz\u0105cy tydzie\u0144&#8221;.<\/p>\n<p>Ponadto tego lata RMF FM organizuje letni\u0105 tras\u0119 koncertow\u0105  w 10 polskich miastach oraz specjalne filmowe pokazy w 5 miastach.<\/p>\n","protected":false},"excerpt":{"rendered":"27 czerwca rusza letnia ram&oacute;wka RMF FM, w kt&oacute;rej znajdzie si\u0119 12 nowych pozycji: 9 program&oacute;w i 3 konkursy.","protected":false},"author":1,"featured_media":15152,"comment_status":"open","ping_status":"closed","sticky":false,"template":"","format":"standard","meta":{"csco_display_header_overlay":false,"csco_singular_sidebar":"","csco_page_header_type":"","csco_page_load_nextpost":"","csco_post_video_location":[],"csco_post_video_location_hash":"","csco_post_video_url":"","csco_post_video_bg_start_time":0,"csco_post_video_bg_end_time":0,"footnotes":""},"categories":[],"tags":[],"class_list":{"0":"post-15151","1":"post","2":"type-post","3":"status-publish","4":"format-standard","5":"has-post-thumbnail","7":"cs-entry","8":"cs-video-wrap"},"_links":{"self":[{"href":"https:\/\/mediarun.com\/pl\/wp-json\/wp\/v2\/posts\/15151","targetHints":{"allow":["GET"]}}],"collection":[{"href":"https:\/\/mediarun.com\/pl\/wp-json\/wp\/v2\/posts"}],"about":[{"href":"https:\/\/mediarun.com\/pl\/wp-json\/wp\/v2\/types\/post"}],"author":[{"embeddable":true,"href":"https:\/\/mediarun.com\/pl\/wp-json\/wp\/v2\/users\/1"}],"replies":[{"embeddable":true,"href":"https:\/\/mediarun.com\/pl\/wp-json\/wp\/v2\/comments?post=15151"}],"version-history":[{"count":0,"href":"https:\/\/mediarun.com\/pl\/wp-json\/wp\/v2\/posts\/15151\/revisions"}],"wp:featuredmedia":[{"embeddable":true,"href":"https:\/\/mediarun.com\/pl\/wp-json\/wp\/v2\/media\/15152"}],"wp:attachment":[{"href":"https:\/\/mediarun.com\/pl\/wp-json\/wp\/v2\/media?parent=15151"}],"wp:term":[{"taxonomy":"category","embeddable":true,"href":"https:\/\/mediarun.com\/pl\/wp-json\/wp\/v2\/categories?post=15151"},{"taxonomy":"post_tag","embeddable":true,"href":"https:\/\/mediarun.com\/pl\/wp-json\/wp\/v2\/tags?post=15151"}],"curies":[{"name":"wp","href":"https:\/\/api.w.org\/{rel}","templated":true}]}}