{"id":151341,"date":"2015-03-23T11:32:56","date_gmt":"2015-03-23T11:32:56","guid":{"rendered":"https:\/\/mediarun.com\/pl\/?p=151341"},"modified":"2015-03-23T11:32:56","modified_gmt":"2015-03-23T11:32:56","slug":"ing-zycie-oraz-ing-ofe-zmieniaja-nazwy-na-nationale-nederlanden","status":"publish","type":"post","link":"https:\/\/mediarun.com\/pl\/trendy\/branding\/ing-zycie-oraz-ing-ofe-zmieniaja-nazwy-na-nationale-nederlanden.html","title":{"rendered":"ING \u017bycie oraz ING OFE zmieniaj\u0105 nazwy na Nationale-Nederlanden"},"content":{"rendered":"<p>Zmiana nazw i logo jest jednym z pierwszych etap\u00f3w w kierunku dalszego rozwoju zabezpieczania przysz\u0142o\u015bci finansowej klient\u00f3w oraz podejmowania kolejnych wa\u017cnych temat\u00f3w spo\u0142ecznych, co odzwierciedla misj\u0119 i strategi\u0119 Grupy NN \u2013 m\u00f3wi Marta Maszewska-Danielewicz, Dyrektor ds. Komunikacji z klientem w Nationale-Nederlanden. \u2013 Procesowi zmiany marek towarzysz\u0105 dzia\u0142ania informacyjne kierowane do klient\u00f3w, partner\u00f3w biznesowych oraz sieci dystrybucji \u2013 dodaje. <\/p>\n<p>Nationale-Nederlanden kojarzone jest przez polskich klient\u00f3w jako globalna, stabilna firma z profesjonalnymi agentami i ma ekspercki wizerunek w zakresie finans\u00f3w osobistych. \u2013 W naszych dzia\u0142aniach b\u0119dziemy nadal kierowa\u0107 si\u0119 3 warto\u015bciami:  przejrzysto\u015bci\u0105  w prezentowaniu naszej oferty, trosk\u0105 o jak najlepsze sprostanie oczekiwaniom i potrzebom naszych klient\u00f3w oraz zaanga\u017cowaniem w dzieleniu si\u0119 nasz\u0105 wiedz\u0105 finansow\u0105 z klientami, by ci mogli podejmowa\u0107 \u015bwiadome decyzje finansowe dotycz\u0105ce ich przysz\u0142o\u015bci \u2013 zaznacza Marta Maszewska-Danielewicz. <\/p>\n<p>Proces zmiany marek nie ma wp\u0142ywu na bie\u017c\u0105c\u0105 obs\u0142ug\u0119 klienta, zawarte umowy i zobowi\u0105zania podj\u0119te przez ING \u017bycie oraz ING OFE. W trosce o komfort klient\u00f3w tak\u017ce wszystkie dane teleadresowe Nationale-Nederlanden w Polsce pozostaj\u0105 takie same jak dotychczas w przypadku ING \u017bycie oraz ING OFE. W lipcu zmieni si\u0119 jedynie adres strony internetowej. <\/p>\n<p>Nationale-Nederlanden b\u0119dzie tak\u017ce kontynuowa\u0107 strategi\u0119 komunikacyjn\u0105 ING \u017bycie opart\u0105 na profilaktyce zdrowotnej i finansowej, przez co nadal chce zwi\u0119ksza\u0107 \u015bwiadomo\u015b\u0107 Polak\u00f3w dotycz\u0105cych tych kwestii. \u2013 Cho\u0107 wszyscy doskonale wiedz\u0105, \u017ce profilaktyka jest wa\u017cna, to ci\u0105gle znaczna cz\u0119\u015b\u0107 spo\u0142ecze\u0144stwa nie podejmuje dzia\u0142a\u0144, by jej zasady wdro\u017cy\u0107 w \u017cycie. Dzi\u0119ki r\u00f3\u017cnym aktywno\u015bciom b\u0119dziemy chcieli zach\u0119ca\u0107 Polak\u00f3w do rozwoju i zrobienia kroku naprz\u00f3d. Dotychczas koncentrowali\u015bmy si\u0119 na profilaktyce nowotworowej. W tym roku planujemy jednak rozszerzy\u0107 nasze dzia\u0142ania, poprzez kt\u00f3re chcemy w pozytywny spos\u00f3b namawia\u0107 do wzi\u0119cia spraw w swoje r\u0119ce oraz zadbania o zdrowie \u2013 podkre\u015bla Marta Maszewska-Danielewicz. <\/p>\n<p>Ubezpieczyciel ma ju\u017c du\u017ce do\u015bwiadczenie w edukacji w zakresie profilaktyki rakowej. Wprowadzaj\u0105c do swojej oferty polis\u0119 na wypadek nowotworu przeprowadzi\u0142 szereg bada\u0144 i konsultacji z lekarzami, osobami chorymi oraz ich rodzinami. Wyniki analiz pokaza\u0142y, \u017ce istnieje potrzeba edukowania spo\u0142ecze\u0144stwa w zakresie szeroko poj\u0119tej profilaktyki zar\u00f3wno w wymiarze zdrowotnym, jak i finansowym. Dodatkowo anga\u017cowa\u0142 si\u0119 w r\u00f3\u017cne przedsi\u0119wzi\u0119cia wsp\u00f3\u0142pracuj\u0105c, m.in. ze Stowarzyszeniem Polskie Amazonki Ruch Spo\u0142eczny (biegi, koncerty charytatywne, badania profilaktyczne, eventy w przestrzeni miejskiej z okazji Mi\u0119dzynarodowego Dnia Walki z Rakiem). Wszystkie dzia\u0142ania mia\u0142y na celu zach\u0119cenie do wi\u0119kszej profilaktyki zdrowotnej. <\/p>\n","protected":false},"excerpt":{"rendered":"Jako cz\u0119\u015b\u0107 d\u0142ugofalowej strategii Grupy ING dzia\u0142alno\u015b\u0107 ubezpieczeniowa i inwestycyjna zosta\u0142a wydzielona z Grupy ING i przekszta\u0142ci\u0142a si\u0119 w Grup\u0119 NN notowan\u0105 od 2 lipca 2014 roku na gie\u0142dzie papier\u00f3w warto\u015bciowych w Amsterdamie. W zwi\u0105zku z tym 20 lipca br. ING \u017bycie i ING OFE w Polsce zmieniaj\u0105 nazwy na Nationale-Nederlanden. Zmiana nazwy nie dotyczy ING Banku \u015al\u0105skiego, kt\u00f3ry jest cz\u0119\u015bci\u0105 Grupy ING i dzia\u0142a pod dotychczasow\u0105 mark\u0105.","protected":false},"author":6,"featured_media":151342,"comment_status":"open","ping_status":"closed","sticky":false,"template":"","format":"standard","meta":{"csco_display_header_overlay":false,"csco_singular_sidebar":"","csco_page_header_type":"","csco_page_load_nextpost":"","csco_post_video_location":[],"csco_post_video_location_hash":"","csco_post_video_url":"","csco_post_video_bg_start_time":0,"csco_post_video_bg_end_time":0,"footnotes":""},"categories":[9658],"tags":[3151,790,6019],"class_list":{"0":"post-151341","1":"post","2":"type-post","3":"status-publish","4":"format-standard","5":"has-post-thumbnail","7":"category-branding","8":"tag-branding-2","9":"tag-ing","10":"tag-nationale-nederlanden","11":"cs-entry","12":"cs-video-wrap"},"_links":{"self":[{"href":"https:\/\/mediarun.com\/pl\/wp-json\/wp\/v2\/posts\/151341","targetHints":{"allow":["GET"]}}],"collection":[{"href":"https:\/\/mediarun.com\/pl\/wp-json\/wp\/v2\/posts"}],"about":[{"href":"https:\/\/mediarun.com\/pl\/wp-json\/wp\/v2\/types\/post"}],"author":[{"embeddable":true,"href":"https:\/\/mediarun.com\/pl\/wp-json\/wp\/v2\/users\/6"}],"replies":[{"embeddable":true,"href":"https:\/\/mediarun.com\/pl\/wp-json\/wp\/v2\/comments?post=151341"}],"version-history":[{"count":0,"href":"https:\/\/mediarun.com\/pl\/wp-json\/wp\/v2\/posts\/151341\/revisions"}],"wp:featuredmedia":[{"embeddable":true,"href":"https:\/\/mediarun.com\/pl\/wp-json\/wp\/v2\/media\/151342"}],"wp:attachment":[{"href":"https:\/\/mediarun.com\/pl\/wp-json\/wp\/v2\/media?parent=151341"}],"wp:term":[{"taxonomy":"category","embeddable":true,"href":"https:\/\/mediarun.com\/pl\/wp-json\/wp\/v2\/categories?post=151341"},{"taxonomy":"post_tag","embeddable":true,"href":"https:\/\/mediarun.com\/pl\/wp-json\/wp\/v2\/tags?post=151341"}],"curies":[{"name":"wp","href":"https:\/\/api.w.org\/{rel}","templated":true}]}}