{"id":151317,"date":"2015-03-23T10:43:21","date_gmt":"2015-03-23T10:43:21","guid":{"rendered":"https:\/\/mediarun.com\/pl\/?p=151317"},"modified":"2015-03-23T10:43:21","modified_gmt":"2015-03-23T10:43:21","slug":"provident-polska-ma-nowego-dyrektora-pionu-marketingu-2","status":"publish","type":"post","link":"https:\/\/mediarun.com\/pl\/ludzie\/awanse\/provident-polska-ma-nowego-dyrektora-pionu-marketingu-2.html","title":{"rendered":"Provident Polska ma nowego Dyrektora Pionu Marketingu"},"content":{"rendered":"<p>Rozwijaj\u0105c produkty, dostosowujemy je do jak najbardziej zr\u00f3\u017cnicowanych oczekiwa\u0144 naszych klient\u00f3w. Obecnie mog\u0105 oni wybra\u0107 sp\u0142at\u0119 w ratach tygodniowych lub miesi\u0119cznych, uwolni\u0107 si\u0119 od chwil\u00f3wek dzi\u0119ki po\u017cyczce konsolidacyjnej, czy finansowa\u0107 bie\u017c\u0105ce potrzeby swojego mikroprzedsi\u0119biorstwa dzi\u0119ki specjalnej Po\u017cyczce dla Firm. Ostatni\u0105 wprowadzon\u0105 przez nas nowo\u015bci\u0105 jest po\u017cyczka z \u201eSzybk\u0105 Premi\u0105\u201d, dzi\u0119ki kt\u00f3rej ju\u017c po miesi\u0105cu sp\u0142acania zobowi\u0105zania mo\u017cna otrzyma\u0107 nawet do 1000 z\u0142 premii \u2013 m\u00f3wi Katarzyna Szerling, Dyrektor Pionu Marketingu Provident Polska.<\/p>\n<p>Prac\u0119 w Providencie rozpocz\u0119\u0142a w kwietniu 2013 r. Ma wieloletnie do\u015bwiadczenie w tworzeniu strategii marketingowych, zarz\u0105dzaniu mark\u0105 oraz segmentami klient\u00f3w, sprzeda\u017cy produkt\u00f3w finansowych, rozwoju nowych obszar\u00f3w biznesowych, kt\u00f3re zdobywa\u0142a m.in. w Direct Group Bertelsmann i Kredyt Banku. Jest absolwentk\u0105 Szko\u0142y G\u0142\u00f3wnej Handlowej w Warszawie.<\/p>\n<p>Przed nami nowe wyzwania, a mocno rozbudowana oferta produktowa w poprzednim roku czeka na swoj\u0105 kontynuacj\u0119 i nowe rozwi\u0105zania. W strategii na 2015 r. kierujemy si\u0119 ku innowacyjno\u015bci, dlatego teraz stawiamy na rozwi\u0105zania digitalowe \u2013 dodaje Katarzyna Szerling.<\/p>\n","protected":false},"excerpt":{"rendered":"Katarzyna Szerling awansowa\u0142a z pozycji Dyrektora Departamentu Zarz\u0105dzania Relacjami z Klientem. Na nowym stanowisku zast\u0105pi\u0142a Katarzyn\u0119 J\u00f3\u017awik. Jako Dyrektor Pionu Marketingu b\u0119dzie odpowiada\u0107 za strategi\u0119 marketingow\u0105 sp\u00f3\u0142ki, rozw\u00f3j oferty, obszar bada\u0144 i analiz oraz zarz\u0105dzanie relacjami z klientami.","protected":false},"author":6,"featured_media":151318,"comment_status":"open","ping_status":"closed","sticky":false,"template":"","format":"standard","meta":{"csco_display_header_overlay":false,"csco_singular_sidebar":"","csco_page_header_type":"","csco_page_load_nextpost":"","csco_post_video_location":[],"csco_post_video_location_hash":"","csco_post_video_url":"","csco_post_video_bg_start_time":0,"csco_post_video_bg_end_time":0,"footnotes":""},"categories":[9678],"tags":[3621,5837,550],"class_list":{"0":"post-151317","1":"post","2":"type-post","3":"status-publish","4":"format-standard","5":"has-post-thumbnail","7":"category-awanse","8":"tag-awans","9":"tag-katarzyna-szerling","10":"tag-provident","11":"cs-entry","12":"cs-video-wrap"},"_links":{"self":[{"href":"https:\/\/mediarun.com\/pl\/wp-json\/wp\/v2\/posts\/151317","targetHints":{"allow":["GET"]}}],"collection":[{"href":"https:\/\/mediarun.com\/pl\/wp-json\/wp\/v2\/posts"}],"about":[{"href":"https:\/\/mediarun.com\/pl\/wp-json\/wp\/v2\/types\/post"}],"author":[{"embeddable":true,"href":"https:\/\/mediarun.com\/pl\/wp-json\/wp\/v2\/users\/6"}],"replies":[{"embeddable":true,"href":"https:\/\/mediarun.com\/pl\/wp-json\/wp\/v2\/comments?post=151317"}],"version-history":[{"count":0,"href":"https:\/\/mediarun.com\/pl\/wp-json\/wp\/v2\/posts\/151317\/revisions"}],"wp:featuredmedia":[{"embeddable":true,"href":"https:\/\/mediarun.com\/pl\/wp-json\/wp\/v2\/media\/151318"}],"wp:attachment":[{"href":"https:\/\/mediarun.com\/pl\/wp-json\/wp\/v2\/media?parent=151317"}],"wp:term":[{"taxonomy":"category","embeddable":true,"href":"https:\/\/mediarun.com\/pl\/wp-json\/wp\/v2\/categories?post=151317"},{"taxonomy":"post_tag","embeddable":true,"href":"https:\/\/mediarun.com\/pl\/wp-json\/wp\/v2\/tags?post=151317"}],"curies":[{"name":"wp","href":"https:\/\/api.w.org\/{rel}","templated":true}]}}