{"id":15127,"date":"2011-06-24T13:52:29","date_gmt":"2011-06-24T11:52:29","guid":{"rendered":"https:\/\/mediarun.com\/index.php\/motyle-w-gazecie-wyborczej\/"},"modified":"2011-06-24T13:52:29","modified_gmt":"2011-06-24T11:52:29","slug":"motyle-w-gazecie-wyborczej","status":"publish","type":"post","link":"https:\/\/mediarun.com\/pl\/marketing\/motyle-w-gazecie-wyborczej.html","title":{"rendered":"Motyle w Gazecie Wyborczej"},"content":{"rendered":"<p>Przewodnik zawiera informacje o wszystkich najbardziej znanych motylach dziennych i nocnych zamieszkuj\u0105cych Europ\u0119. \u015awiat skrzydlatych owad&oacute;w przybli\u017caj\u0105 szczeg&oacute;\u0142owe opisy, zdj\u0119cia oraz ilustracje. Dzi\u0119ki nim b\u0119dzie mo\u017cna rozpozna\u0107 nie tylko popularne owady, jak pa\u017a kr&oacute;lowej czy rusa\u0142ka \u017ca\u0142obnik, ale te\u017c znacznie rzadziej wyst\u0119puj\u0105ce gatunki motyli.<\/p>\n<p>Cena Gazety Wyborczej i ka\u017cdej z ksi\u0105\u017cek wyniesie 8,99 z\u0142.<\/p>\n<p>Wydania Gazety Wyborczej z dodatkami b\u0119d\u0105 promowane w stacjach telewizyjnych (TVP1, TVN, Polsat oraz stacje tematyczne), w dzienniku Metro oraz poprzez autopromocj\u0119. Kreacj\u0119 kampanii przygotowa\u0142a agencja Bardzo, za zakup medi&oacute;w odpowiada\u0142 Starlink.<\/p>\n","protected":false},"excerpt":{"rendered":"W poniedzia\u0142ek i wtorek, 22 i 23 czerwca, z Gazet\u0105 Wyborcz\u0105 uka\u017ce si\u0119 ksi\u0105\u017cka &#8222;Atlas motyli&#8221; w dw&oacute;ch cz\u0119\u015bciach.","protected":false},"author":1,"featured_media":15128,"comment_status":"open","ping_status":"closed","sticky":false,"template":"","format":"standard","meta":{"csco_display_header_overlay":false,"csco_singular_sidebar":"","csco_page_header_type":"","csco_page_load_nextpost":"","csco_post_video_location":[],"csco_post_video_location_hash":"","csco_post_video_url":"","csco_post_video_bg_start_time":0,"csco_post_video_bg_end_time":0,"footnotes":""},"categories":[],"tags":[202],"class_list":{"0":"post-15127","1":"post","2":"type-post","3":"status-publish","4":"format-standard","5":"has-post-thumbnail","7":"tag-gazeta-wyborcza","8":"cs-entry","9":"cs-video-wrap"},"_links":{"self":[{"href":"https:\/\/mediarun.com\/pl\/wp-json\/wp\/v2\/posts\/15127","targetHints":{"allow":["GET"]}}],"collection":[{"href":"https:\/\/mediarun.com\/pl\/wp-json\/wp\/v2\/posts"}],"about":[{"href":"https:\/\/mediarun.com\/pl\/wp-json\/wp\/v2\/types\/post"}],"author":[{"embeddable":true,"href":"https:\/\/mediarun.com\/pl\/wp-json\/wp\/v2\/users\/1"}],"replies":[{"embeddable":true,"href":"https:\/\/mediarun.com\/pl\/wp-json\/wp\/v2\/comments?post=15127"}],"version-history":[{"count":0,"href":"https:\/\/mediarun.com\/pl\/wp-json\/wp\/v2\/posts\/15127\/revisions"}],"wp:featuredmedia":[{"embeddable":true,"href":"https:\/\/mediarun.com\/pl\/wp-json\/wp\/v2\/media\/15128"}],"wp:attachment":[{"href":"https:\/\/mediarun.com\/pl\/wp-json\/wp\/v2\/media?parent=15127"}],"wp:term":[{"taxonomy":"category","embeddable":true,"href":"https:\/\/mediarun.com\/pl\/wp-json\/wp\/v2\/categories?post=15127"},{"taxonomy":"post_tag","embeddable":true,"href":"https:\/\/mediarun.com\/pl\/wp-json\/wp\/v2\/tags?post=15127"}],"curies":[{"name":"wp","href":"https:\/\/api.w.org\/{rel}","templated":true}]}}