{"id":15109,"date":"2011-06-27T11:27:31","date_gmt":"2011-06-27T09:27:31","guid":{"rendered":"https:\/\/mediarun.com\/index.php\/rusza-letnia-ramowka-radia-dla-ciebie\/"},"modified":"2011-06-27T11:27:31","modified_gmt":"2011-06-27T09:27:31","slug":"rusza-letnia-ramowka-radia-dla-ciebie","status":"publish","type":"post","link":"https:\/\/mediarun.com\/pl\/marketing\/rusza-letnia-ramowka-radia-dla-ciebie.html","title":{"rendered":"Rusza letnia ram\u00f3wka Radia dla Ciebie"},"content":{"rendered":"<p>Od poniedzia\u0142ku do pi\u0105tku w godz. 6:00 &#8211; 9:00 na antenie pojawi si\u0119 poranna audycja &#8222;Dzie\u0144 Dobry Wakacje&#8221;, kt&oacute;r\u0105 wype\u0142ni\u0105 wakacyjne tematy, energetyczna muzyka oraz bie\u017c\u0105ce informacje z Warszawy i regionu.<\/p>\n<p>Od godziny 9:00 Agnieszka Lipka w przedpo\u0142udniowym pa\u015bmie &#8222;Lato dla Ciebie&#8221; zaproponuje s\u0142uchaczom konkurs i wypraw\u0119 na Mazowsze. Ka\u017cdego dnia reporter Marek Mi\u015bko odwiedzi inn\u0105 miejscowo\u015b\u0107, opowiadaj\u0105c o charakterystycznych miejscach i rozmawiaj\u0105c z mieszka\u0144cami. Zadaniem s\u0142uchaczy b\u0119dzie odgadn\u0105\u0107, w jakim miejscu danego dnia jest Marek Mi\u015bko.<\/p>\n<p>Pasmo &#8222;Pozdrowienia z Wakacji&#8221; prezentowane b\u0119dzie od poniedzia\u0142ku do czwartku w godzinach 12:00- 14:00. Audycje poprowadz\u0105 dziennikarze redakcji muzycznej: Pawe\u0142 Bobrowski, Bogdan Fabia\u0144ski, Jerzy Rowi\u0144ski i Marek Wiernik. S\u0142uchacze opisuj\u0105c miejsca, w kt&oacute;rych sp\u0119dzaj\u0105 wakacje, b\u0119d\u0105 mogli przesy\u0142a\u0107 pozdrowienia i zamawia\u0107 ulubione piosenki.<\/p>\n<p>Od poniedzia\u0142ku do pi\u0105tku po 14 Ewelina Pacyna zaprosi na audycj\u0119 &#8222;Relaksu to czas&#8221;, w kt&oacute;rej przedstawione zostan\u0105 wakacyjne oferty sp\u0119dzenia wolnego czasu na Mazowszu. Rozdawane b\u0119d\u0105 zaproszenia do kin, teatr&oacute;w i na koncerty.<\/p>\n<p>Kolejna nowo\u015b\u0107 na antenie Radia dla Ciebie to &#8222;\u0141o\u015b na Mazowszu&#8221;. Dziennikarz Piotr \u0141o\u015b dotrze do miejsc po\u0142o\u017conych z dala od du\u017cych miast i g\u0142&oacute;wnych szlak&oacute;w.<\/p>\n<p>Po 16 Robert \u0141uchniak poprowadzi &#8222;Popo\u0142udnie z Radiem dla Ciebie&#8221;, podczas kt&oacute;rego przedstawione zostan\u0105 najwa\u017cniejsze wydarzenia z kraju, \u015bwiata i Mazowsza. W poniedzia\u0142ki w &#8222;Popo\u0142udniu z Radiem dla Ciebie&#8221; po 18 rozpoczn\u0105 si\u0119 rozmowy polityk&oacute;w tzn. debata polityczna &#8222;Ja Panu nie przerywa\u0142em&#8221;. We wtorki po 18 na antenie RDC zagoszcz\u0105 samorz\u0105dowcy.<\/p>\n<p>O godzinie 20:00 rozpocznie si\u0119 nowy program &#8222;Wiecz&oacute;r w ogrodzie&#8221;, w kt&oacute;rym gospodarze audycji &#8211; dziennikarskie pary (Anna Matusiak &#8211; Artur Orzech, Teresa Drozda &#8211; Marek Wiernik, Ma\u0142gorzata Kron &#8211; Jacek Filipowicz) wraz z go\u015b\u0107mi b\u0119d\u0105 rozmawia\u0107 o sprawach, kt&oacute;re przyni&oacute;s\u0142 dzie\u0144.<\/p>\n<p>W pi\u0105tkowe popo\u0142udnia miedzy 12:00 a 14:00 swoim poczuciem humoru i trafnymi puentami w audycji &#8222;P&oacute;\u0142 \u017cartem p&oacute;\u0142 serio&#8221; zaskakiwa\u0107 b\u0119d\u0105 Artur Orzech i Marek Wiernik.<\/p>\n<p>&#8222;Szczypta \u015bwiata&#8221; &#8211; program podr&oacute;\u017cniczo &#8211; turystyczno &#8211; \u017ceglarski &#8211; to kolejna propozycja RDC. W sobotni poranek (07:00- 10:00) zaprezentowane zostan\u0105 najlepsze miejsca na Mazowszu do jazdy na rowerze i pieszych wycieczek.<\/p>\n<p>W sobotnie popo\u0142udnia miedzy godz. 16:00 a 19:00 ksi\u0105\u017cki czyta\u0107 b\u0119dzie Teresa Drozda, a wieczorami mi\u0119dzy 19:00 a 21:00 na antenie Radia dla Ciebie zago\u015bci audycja muzyczna &#8222;Rock Wiernika&#8221; prowadzona przez Marka Wiernika. Od godz. 21 s\u0142uchacze RDC sp\u0119dz\u0105 czas przy audycji bluesowej S\u0142awka Wierzcholskiego.<\/p>\n<p>W niedzielne przedpo\u0142udnia RDC proponuje s\u0142uchaczom &#8222;Familijny poranek&#8221; prowadzony przez Beat\u0119 Jewiarz. Popo\u0142udnia wype\u0142ni\u0105 sport i muzyka. O godz. 14 na muzyczny &#8222;Tort Orzechowy&#8221; zaprosi Artur Orzech, a o 17 z fanami sportu spotka si\u0119 Departament Sportu RDC. Niedzielne wieczory to przegl\u0105d muzycznych nowo\u015bci. &#8222;List\u0119 Przeboj&oacute;w&#8221; poprowadz\u0105 Pawe\u0142 Bobrowski i Jarek Rosi\u0144ski.<\/p>\n<p>Ponadto tego lata RDC kontynuuje tras\u0119 koncertow\u0105 w miastach na Mazowszu. Koncerty odb\u0119d\u0105 si\u0119 jeszcze w Serocku (28 lipca) oraz w Wyszkowie (30 sierpnia). Letnia trasa zako\u0144czy si\u0119 koncertem zespo\u0142u Wilki w Koby\u0142ce (04 wrze\u015bnia).<\/p>\n","protected":false},"excerpt":{"rendered":"W letniej ofercie stacji znajd\u0105 si\u0119 nowe programy takie jak &#8222;Wiecz&oacute;r w Ogrodzie&#8221;, &#8222;Szczypta \u015bwiata&#8221;, &#8222;Pozdrowienia z wakacji&#8221;, &#8222;Relaksu do czas&#8221; oraz &#8222;Familijny Poranek&#8221;.","protected":false},"author":1,"featured_media":15110,"comment_status":"open","ping_status":"closed","sticky":false,"template":"","format":"standard","meta":{"csco_display_header_overlay":false,"csco_singular_sidebar":"","csco_page_header_type":"","csco_page_load_nextpost":"","csco_post_video_location":[],"csco_post_video_location_hash":"","csco_post_video_url":"","csco_post_video_bg_start_time":0,"csco_post_video_bg_end_time":0,"footnotes":""},"categories":[],"tags":[],"class_list":{"0":"post-15109","1":"post","2":"type-post","3":"status-publish","4":"format-standard","5":"has-post-thumbnail","7":"cs-entry","8":"cs-video-wrap"},"_links":{"self":[{"href":"https:\/\/mediarun.com\/pl\/wp-json\/wp\/v2\/posts\/15109","targetHints":{"allow":["GET"]}}],"collection":[{"href":"https:\/\/mediarun.com\/pl\/wp-json\/wp\/v2\/posts"}],"about":[{"href":"https:\/\/mediarun.com\/pl\/wp-json\/wp\/v2\/types\/post"}],"author":[{"embeddable":true,"href":"https:\/\/mediarun.com\/pl\/wp-json\/wp\/v2\/users\/1"}],"replies":[{"embeddable":true,"href":"https:\/\/mediarun.com\/pl\/wp-json\/wp\/v2\/comments?post=15109"}],"version-history":[{"count":0,"href":"https:\/\/mediarun.com\/pl\/wp-json\/wp\/v2\/posts\/15109\/revisions"}],"wp:featuredmedia":[{"embeddable":true,"href":"https:\/\/mediarun.com\/pl\/wp-json\/wp\/v2\/media\/15110"}],"wp:attachment":[{"href":"https:\/\/mediarun.com\/pl\/wp-json\/wp\/v2\/media?parent=15109"}],"wp:term":[{"taxonomy":"category","embeddable":true,"href":"https:\/\/mediarun.com\/pl\/wp-json\/wp\/v2\/categories?post=15109"},{"taxonomy":"post_tag","embeddable":true,"href":"https:\/\/mediarun.com\/pl\/wp-json\/wp\/v2\/tags?post=15109"}],"curies":[{"name":"wp","href":"https:\/\/api.w.org\/{rel}","templated":true}]}}