{"id":15093,"date":"2011-06-27T13:56:38","date_gmt":"2011-06-27T11:56:38","guid":{"rendered":"https:\/\/mediarun.com\/index.php\/tour-de-france-na-zywo-na-antenie-eurosportu\/"},"modified":"2011-06-27T13:56:38","modified_gmt":"2011-06-27T11:56:38","slug":"tour-de-france-na-zywo-na-antenie-eurosportu","status":"publish","type":"post","link":"https:\/\/mediarun.com\/pl\/marketing\/tour-de-france-na-zywo-na-antenie-eurosportu.html","title":{"rendered":"Tour de France na \u017cywo na antenie Eurosportu"},"content":{"rendered":"<p>W lipcu na antenie Eurosportu kibice kolarstwa zobacz\u0105 najs\u0142ynniejszy wy\u015bcig \u015bwiata Tour de France. Transmisje z 98. edycji wy\u015bcigu rozpoczn\u0105 si\u0119 30 czerwca o godzinie 15:30 oficjaln\u0105 prezentacj\u0105 20 zespo\u0142&oacute;w startuj\u0105cych w zawodach.<\/p>\n<p>Ka\u017cdego dnia, mi\u0119dzy 2 i 24 lipca, Eurosport prowadzi\u0107 b\u0119dzie kilkugodzinne relacje na \u017cywo, kt&oacute;re b\u0119d\u0105 wzbogacone o wywiady z liderami zespo\u0142&oacute;w. Dodatkowo, na mecie ka\u017cdego etapu dziennikarze Eurosportu b\u0119d\u0105 rozmawiali z zawodnikami, mened\u017cerami, ekspertami o kluczowych wydarzeniach z trasy. Widzowie, kt&oacute;rzy nie b\u0119d\u0105 mogli \u015bledzi\u0107 zmaga\u0144 kolarzy na \u017cywo, codziennie o godzinie 23:00 zobacz\u0105 retransmisj\u0119 z ostatniej godziny zako\u0144czonego etapu.<\/p>\n<p>Ekspertem Eurosportu podczas ka\u017cdego dnia wy\u015bcigu, a tak\u017ce prezentacji zespo\u0142&oacute;w 30 czerwca, b\u0119dzie lider grupy Omega Pharma-Lotto Philippe Gilbert. <\/p>\n<p>Wszystkie etapy komentowa\u0107 b\u0119d\u0105 Tomasz Jaro\u0144ski i Krzysztof Wyrzykowski. Ekspertem b\u0119dzie tak\u017ce 12. kolarz Tour de France 1998 Dariusz Baranowski, z kt&oacute;rym komentatorzy rozmawia\u0107 b\u0119d\u0105 telefonicznie.<\/p>\n","protected":false},"excerpt":{"rendered":"Po raz 10. na antenie Eurosportu rywalizacj\u0119 najlepszych kolarzy \u015bwiata komentowa\u0107 b\u0119dzie duet Tomasz Jaro\u0144ski i Krzysztof Wyrzykowski.","protected":false},"author":1,"featured_media":15094,"comment_status":"open","ping_status":"closed","sticky":false,"template":"","format":"standard","meta":{"csco_display_header_overlay":false,"csco_singular_sidebar":"","csco_page_header_type":"","csco_page_load_nextpost":"","csco_post_video_location":[],"csco_post_video_location_hash":"","csco_post_video_url":"","csco_post_video_bg_start_time":0,"csco_post_video_bg_end_time":0,"footnotes":""},"categories":[],"tags":[672],"class_list":{"0":"post-15093","1":"post","2":"type-post","3":"status-publish","4":"format-standard","5":"has-post-thumbnail","7":"tag-eurosport","8":"cs-entry","9":"cs-video-wrap"},"_links":{"self":[{"href":"https:\/\/mediarun.com\/pl\/wp-json\/wp\/v2\/posts\/15093","targetHints":{"allow":["GET"]}}],"collection":[{"href":"https:\/\/mediarun.com\/pl\/wp-json\/wp\/v2\/posts"}],"about":[{"href":"https:\/\/mediarun.com\/pl\/wp-json\/wp\/v2\/types\/post"}],"author":[{"embeddable":true,"href":"https:\/\/mediarun.com\/pl\/wp-json\/wp\/v2\/users\/1"}],"replies":[{"embeddable":true,"href":"https:\/\/mediarun.com\/pl\/wp-json\/wp\/v2\/comments?post=15093"}],"version-history":[{"count":0,"href":"https:\/\/mediarun.com\/pl\/wp-json\/wp\/v2\/posts\/15093\/revisions"}],"wp:featuredmedia":[{"embeddable":true,"href":"https:\/\/mediarun.com\/pl\/wp-json\/wp\/v2\/media\/15094"}],"wp:attachment":[{"href":"https:\/\/mediarun.com\/pl\/wp-json\/wp\/v2\/media?parent=15093"}],"wp:term":[{"taxonomy":"category","embeddable":true,"href":"https:\/\/mediarun.com\/pl\/wp-json\/wp\/v2\/categories?post=15093"},{"taxonomy":"post_tag","embeddable":true,"href":"https:\/\/mediarun.com\/pl\/wp-json\/wp\/v2\/tags?post=15093"}],"curies":[{"name":"wp","href":"https:\/\/api.w.org\/{rel}","templated":true}]}}