{"id":150747,"date":"2015-03-17T10:04:27","date_gmt":"2015-03-17T10:04:27","guid":{"rendered":"https:\/\/mediarun.com\/pl\/?p=150747"},"modified":"2015-03-17T12:26:13","modified_gmt":"2015-03-17T12:26:13","slug":"lufthansa-zapowiada-strajk","status":"publish","type":"post","link":"https:\/\/mediarun.com\/pl\/wydarzenia\/lufthansa-zapowiada-strajk.html","title":{"rendered":"Lufthansa zapowiada strajk"},"content":{"rendered":"<p>Klienci b\u0119d\u0105 musieli by\u0107 gotowi na du\u017ce utrudnienia. W \u015brod\u0119 trzeba b\u0119dzie liczy\u0107 si\u0119 z op\u00f3\u017anionymi, a nawet odwo\u0142anymi lotami. Nie jest to pierwszy strajk tych linii. Powodem utrudnie\u0144 jest brak zgody ze strony pilot\u00f3w, na wprowadzone przez Lufthanse ograniczenia dotycz\u0105ce przywilej\u00f3w emerytalnych.<\/p>\n<p>Jutrzejsze problemy dotyczy\u0107 b\u0119d\u0105 rejs\u00f3w kr\u00f3tko- i \u015bredniodystansowych. Strajk nie obejmuje natomiast sp\u00f3\u0142ki c\u00f3rki Lufthansy \u2013 Germanwings. Normalnie loty odbywa\u0107 si\u0119 b\u0119d\u0105 r\u00f3wnie\u017c na dalekich trasach.<\/p>\n<p>Lufthansa jest w tej chwili najwi\u0119kszym niemieckim przewo\u017anikiem. Oferuje przeloty do Niemiec, Europy i wielu miast na ca\u0142ym \u015bwiecie<\/p>\n","protected":false},"excerpt":{"rendered":"Na oficjalnej stronie niemieckich linii lotniczych Lufthansa, widnieje informacja o zapowiadanym na jutro strajku pilot\u00f3w. Pasa\u017cerowie s\u0105 proszeni o wyrozumia\u0142o\u015b\u0107.","protected":false},"author":6,"featured_media":150748,"comment_status":"open","ping_status":"closed","sticky":false,"template":"","format":"standard","meta":{"csco_display_header_overlay":false,"csco_singular_sidebar":"","csco_page_header_type":"","csco_page_load_nextpost":"","csco_post_video_location":[],"csco_post_video_location_hash":"","csco_post_video_url":"","csco_post_video_bg_start_time":0,"csco_post_video_bg_end_time":0,"footnotes":""},"categories":[46],"tags":[86,5910,9681],"class_list":{"0":"post-150747","1":"post","2":"type-post","3":"status-publish","4":"format-standard","5":"has-post-thumbnail","7":"category-wydarzenia","8":"tag-lufthansa","9":"tag-strajk","10":"tag-wydarzenia","11":"cs-entry","12":"cs-video-wrap"},"_links":{"self":[{"href":"https:\/\/mediarun.com\/pl\/wp-json\/wp\/v2\/posts\/150747","targetHints":{"allow":["GET"]}}],"collection":[{"href":"https:\/\/mediarun.com\/pl\/wp-json\/wp\/v2\/posts"}],"about":[{"href":"https:\/\/mediarun.com\/pl\/wp-json\/wp\/v2\/types\/post"}],"author":[{"embeddable":true,"href":"https:\/\/mediarun.com\/pl\/wp-json\/wp\/v2\/users\/6"}],"replies":[{"embeddable":true,"href":"https:\/\/mediarun.com\/pl\/wp-json\/wp\/v2\/comments?post=150747"}],"version-history":[{"count":0,"href":"https:\/\/mediarun.com\/pl\/wp-json\/wp\/v2\/posts\/150747\/revisions"}],"wp:featuredmedia":[{"embeddable":true,"href":"https:\/\/mediarun.com\/pl\/wp-json\/wp\/v2\/media\/150748"}],"wp:attachment":[{"href":"https:\/\/mediarun.com\/pl\/wp-json\/wp\/v2\/media?parent=150747"}],"wp:term":[{"taxonomy":"category","embeddable":true,"href":"https:\/\/mediarun.com\/pl\/wp-json\/wp\/v2\/categories?post=150747"},{"taxonomy":"post_tag","embeddable":true,"href":"https:\/\/mediarun.com\/pl\/wp-json\/wp\/v2\/tags?post=150747"}],"curies":[{"name":"wp","href":"https:\/\/api.w.org\/{rel}","templated":true}]}}