{"id":14923,"date":"2011-07-01T12:19:17","date_gmt":"2011-07-01T10:19:17","guid":{"rendered":"https:\/\/mediarun.com\/index.php\/zelazowska-ciesla-pokieruje-warszawskim-dodatkiem-gazety-wyborczej\/"},"modified":"2011-07-01T12:19:17","modified_gmt":"2011-07-01T10:19:17","slug":"zelazowska-ciesla-pokieruje-warszawskim-dodatkiem-gazety-wyborczej","status":"publish","type":"post","link":"https:\/\/mediarun.com\/pl\/marketing\/zelazowska-ciesla-pokieruje-warszawskim-dodatkiem-gazety-wyborczej.html","title":{"rendered":"\u017belazowska-Cie\u015bla pokieruje warszawskim dodatkiem Gazety Wyborczej"},"content":{"rendered":"<p>Dotychczasowy szef Gazety Sto\u0142ecznej, Seweryn Blumsztajn, przechodzi z pocz\u0105tkiem lipca na emerytur\u0119, ale nadal b\u0119dzie zwi\u0105zany z Gazet\u0105 Wyborcz\u0105.<\/p>\n<p>Agata \u017belazowska-Cie\u015bla by\u0142a zast\u0119pc\u0105 naczelnego Gazety Sto\u0142ecznej od 2003 roku. Z redakcj\u0105 warszawskiego dodatku Gazety Wyborczej zwi\u0105za\u0142a si\u0119 pod koniec 1994 roku. Jest autork\u0105 recenzji ksi\u0105\u017ckowych w &#8222;Gazecie Co jest Grane&#8221;, koordynatork\u0105 wielu akcji spo\u0142ecznych i cykli redakcyjnych Gazety Sto\u0142ecznej.<\/p>\n<p>Jej osi\u0105gni\u0119cie to m.in. redakcja popularnej serii spacerownik&oacute;w warszawskich, kt&oacute;rych zesp&oacute;\u0142 otrzyma\u0142 w 2007 r. Nagrod\u0119 Miasta Sto\u0142ecznego Warszawy.<\/p>\n<p>Wiceszefem warszawskiego wydania Gazety Wyborczej pozostaje Wojciech Tymowski, a drugim zast\u0119pc\u0105 Edyta R&oacute;\u017ca\u0144ska, dotychczas sekretarz redakcji.<\/p>\n<p>Seweryn Blumsztajn b\u0119dzie nadal zwi\u0105zany z Gazet\u0105 Wyborcz\u0105 &#8211; jako jej komentator, pe\u0142ni\u0105cy dy\u017cury publicystyczne oraz dy\u017cury redaktora nadzoruj\u0105cego codzienne wydania &#8222;Gazety&#8221; i prowadz\u0105cego jej pierwsz\u0105 stron\u0119.<\/p>\n<p>Blumsztajn pe\u0142ni\u0142 funkcj\u0119 naczelnego &#8222;Sto\u0142ecznej&#8221; od stycznia 2006 r. Wcze\u015bniej przez cztery lata szefowa\u0142 krakowskiej redakcji Gazety Wyborczej.<\/p>\n","protected":false},"excerpt":{"rendered":"Od 1 lipca warszawskim dodatkiem Gazety Wyborczej kieruje Agata \u017belazowska-Cie\u015bla.","protected":false},"author":1,"featured_media":14924,"comment_status":"open","ping_status":"closed","sticky":false,"template":"","format":"standard","meta":{"csco_display_header_overlay":false,"csco_singular_sidebar":"","csco_page_header_type":"","csco_page_load_nextpost":"","csco_post_video_location":[],"csco_post_video_location_hash":"","csco_post_video_url":"","csco_post_video_bg_start_time":0,"csco_post_video_bg_end_time":0,"footnotes":""},"categories":[],"tags":[202],"class_list":{"0":"post-14923","1":"post","2":"type-post","3":"status-publish","4":"format-standard","5":"has-post-thumbnail","7":"tag-gazeta-wyborcza","8":"cs-entry","9":"cs-video-wrap"},"_links":{"self":[{"href":"https:\/\/mediarun.com\/pl\/wp-json\/wp\/v2\/posts\/14923","targetHints":{"allow":["GET"]}}],"collection":[{"href":"https:\/\/mediarun.com\/pl\/wp-json\/wp\/v2\/posts"}],"about":[{"href":"https:\/\/mediarun.com\/pl\/wp-json\/wp\/v2\/types\/post"}],"author":[{"embeddable":true,"href":"https:\/\/mediarun.com\/pl\/wp-json\/wp\/v2\/users\/1"}],"replies":[{"embeddable":true,"href":"https:\/\/mediarun.com\/pl\/wp-json\/wp\/v2\/comments?post=14923"}],"version-history":[{"count":0,"href":"https:\/\/mediarun.com\/pl\/wp-json\/wp\/v2\/posts\/14923\/revisions"}],"wp:featuredmedia":[{"embeddable":true,"href":"https:\/\/mediarun.com\/pl\/wp-json\/wp\/v2\/media\/14924"}],"wp:attachment":[{"href":"https:\/\/mediarun.com\/pl\/wp-json\/wp\/v2\/media?parent=14923"}],"wp:term":[{"taxonomy":"category","embeddable":true,"href":"https:\/\/mediarun.com\/pl\/wp-json\/wp\/v2\/categories?post=14923"},{"taxonomy":"post_tag","embeddable":true,"href":"https:\/\/mediarun.com\/pl\/wp-json\/wp\/v2\/tags?post=14923"}],"curies":[{"name":"wp","href":"https:\/\/api.w.org\/{rel}","templated":true}]}}