{"id":14921,"date":"2011-07-01T13:04:50","date_gmt":"2011-07-01T11:04:50","guid":{"rendered":"https:\/\/mediarun.com\/index.php\/polskapresse-wlascicielem-dziennika-polskiego\/"},"modified":"2011-07-01T13:04:50","modified_gmt":"2011-07-01T11:04:50","slug":"polskapresse-wlascicielem-dziennika-polskiego","status":"publish","type":"post","link":"https:\/\/mediarun.com\/pl\/marketing\/polskapresse-wlascicielem-dziennika-polskiego.html","title":{"rendered":"Polskapresse w\u0142a\u015bcicielem Dziennika Polskiego"},"content":{"rendered":"<p>Prezesem nowej sp&oacute;\u0142ki Polskapresse jest Tomasz Niski, dotychczas wiceprezes Polskapresse Oddzia\u0142 Prasa Krakowska. Redaktorem naczelnym Dziennika Polskiego pozostaje Piotr Legutko.<\/p>\n<p>Zakup Dziennika Polskiego to jedna z wa\u017cniejszych inwestycji Polskapresse ostatnich lat. Dlatego zarz\u0105d Polskapresse b\u0119dzie d\u0105\u017cy\u0142 do zachowania jego pozycji rynkowej.<\/p>\n<p>Polskapresse kupi\u0142a sp&oacute;\u0142k\u0119 Polski Dom Medialny od grupy Wydawnictwo Jagiellonia.<\/p>\n","protected":false},"excerpt":{"rendered":"30 czerwca br. Polskapresse kupi\u0142a sp&oacute;\u0142k\u0119 Polski Dom Medialny, wydawc\u0119 Dziennika Polskiego oraz serwis&oacute;w Dziennik.krakow.pl i Grosik24.pl.","protected":false},"author":1,"featured_media":14922,"comment_status":"open","ping_status":"closed","sticky":false,"template":"","format":"standard","meta":{"csco_display_header_overlay":false,"csco_singular_sidebar":"","csco_page_header_type":"","csco_page_load_nextpost":"","csco_post_video_location":[],"csco_post_video_location_hash":"","csco_post_video_url":"","csco_post_video_bg_start_time":0,"csco_post_video_bg_end_time":0,"footnotes":""},"categories":[],"tags":[875,68],"class_list":{"0":"post-14921","1":"post","2":"type-post","3":"status-publish","4":"format-standard","5":"has-post-thumbnail","7":"tag-dziennik-polski","8":"tag-polskapresse","9":"cs-entry","10":"cs-video-wrap"},"_links":{"self":[{"href":"https:\/\/mediarun.com\/pl\/wp-json\/wp\/v2\/posts\/14921","targetHints":{"allow":["GET"]}}],"collection":[{"href":"https:\/\/mediarun.com\/pl\/wp-json\/wp\/v2\/posts"}],"about":[{"href":"https:\/\/mediarun.com\/pl\/wp-json\/wp\/v2\/types\/post"}],"author":[{"embeddable":true,"href":"https:\/\/mediarun.com\/pl\/wp-json\/wp\/v2\/users\/1"}],"replies":[{"embeddable":true,"href":"https:\/\/mediarun.com\/pl\/wp-json\/wp\/v2\/comments?post=14921"}],"version-history":[{"count":0,"href":"https:\/\/mediarun.com\/pl\/wp-json\/wp\/v2\/posts\/14921\/revisions"}],"wp:featuredmedia":[{"embeddable":true,"href":"https:\/\/mediarun.com\/pl\/wp-json\/wp\/v2\/media\/14922"}],"wp:attachment":[{"href":"https:\/\/mediarun.com\/pl\/wp-json\/wp\/v2\/media?parent=14921"}],"wp:term":[{"taxonomy":"category","embeddable":true,"href":"https:\/\/mediarun.com\/pl\/wp-json\/wp\/v2\/categories?post=14921"},{"taxonomy":"post_tag","embeddable":true,"href":"https:\/\/mediarun.com\/pl\/wp-json\/wp\/v2\/tags?post=14921"}],"curies":[{"name":"wp","href":"https:\/\/api.w.org\/{rel}","templated":true}]}}