{"id":149095,"date":"2015-03-04T12:09:51","date_gmt":"2015-03-04T12:09:51","guid":{"rendered":"https:\/\/mediarun.com\/pl\/?p=149095"},"modified":"2015-04-08T13:23:19","modified_gmt":"2015-04-08T13:23:19","slug":"wybrano-sklad-rady-zfpr","status":"publish","type":"post","link":"https:\/\/mediarun.com\/pl\/marketing\/pr\/wybrano-sklad-rady-zfpr.html","title":{"rendered":"Wybrano sk\u0142ad Rady ZFPR"},"content":{"rendered":"<p>W trakcie obrad przedstawiono sprawozdanie z dzia\u0142alno\u015bci organizacji w 2014 roku oraz dokonano wyboru przedstawicieli Rady Zwi\u0105zku Firm Public Relations na now\u0105 kadencj\u0119.<\/p>\n<p>W wyniku tajnego g\u0142osowania w sk\u0142ad Rady ZFPR weszli: <\/p>\n<p>Przemys\u0142aw Mitraszewski &#8211; Lighthouse Consultants,<br \/>\nKatarzyna Terej &#8211; TBT i Wsp\u00f3lnicy (kolejna kadencja),<br \/>\nJan \u015aciegienny \u2013 Hill&#038;Knowlton Strategies,<br \/>\nLidia Marcinkowska \u2013 Neuron Agencja Public Relations (kolejna kadencja). <\/p>\n<p>Zgodnie ze Statutem, kadencja Rady ZFPR  trwa 2 lata, tj. 2015-2017 r. <\/p>\n<p>Do zarz\u0105du do\u0142\u0105czy\u0142a r\u00f3wnie\u017c Agnieszka Bajur &#8211; Marketing&#038;Communications Consultants, zast\u0119puj\u0105c Grzegorza Millera.<\/p>\n<p>Obecny sk\u0142ad zarz\u0105du to:<br \/>\nPrezes \u2013 Norbert Ofma\u0144ski \u2013 On Board PR,<br \/>\nWiceprezes \u2013 Julia Kozak \u2013 FleishmanHillard,<br \/>\nWiceprezes \u2013 Agnieszka Bajur \u2013 Marketing&#038;Communications Consultants,<br \/>\nWiceprezes \u2013 Jakub Dmitrowski \u2013 Smart Media.<\/p>\n","protected":false},"excerpt":{"rendered":"26 lutego 2015 r. w siedzibie Zwi\u0105zku Firm Public Relations odby\u0142o si\u0119 Zwyczajne Walne Zgromadzenie Cz\u0142onk\u00f3w ZFPR.","protected":false},"author":1,"featured_media":149096,"comment_status":"open","ping_status":"closed","sticky":false,"template":"","format":"standard","meta":{"csco_display_header_overlay":false,"csco_singular_sidebar":"","csco_page_header_type":"","csco_page_load_nextpost":"","csco_post_video_location":[],"csco_post_video_location_hash":"","csco_post_video_url":"","csco_post_video_bg_start_time":0,"csco_post_video_bg_end_time":0,"footnotes":""},"categories":[9648],"tags":[5749,5748,725,5751,5743,5747,5741,5744,1675,5750,5745,5746,5507,5740,9649,1777,5742,5738,5739,1105,5107],"class_list":{"0":"post-149095","1":"post","2":"type-post","3":"status-publish","4":"format-standard","5":"has-post-thumbnail","7":"category-pr","8":"tag-agnieszka-bajur","9":"tag-fleishmanhillard","10":"tag-hillknowlton-strategies","11":"tag-jakub-dmitrowski","12":"tag-jan-sciegienny","13":"tag-julia-kozak","14":"tag-katarzyna-terej","15":"tag-lidia-marcinkowska","16":"tag-lighthouse-consultants","17":"tag-marketingcommunications-consultants","18":"tag-neuron-agencja-public-relations","19":"tag-norbert-ofmanski","20":"tag-on-board-pr","21":"tag-przemyslaw-mitraszewski","22":"tag-pr","23":"tag-smart-media","24":"tag-tbt-i-wspolnicy","25":"tag-walne-zgromadzenie","26":"tag-wladze","27":"tag-zfpr","28":"tag-zwiazek-firm-public-relations","29":"cs-entry","30":"cs-video-wrap"},"_links":{"self":[{"href":"https:\/\/mediarun.com\/pl\/wp-json\/wp\/v2\/posts\/149095","targetHints":{"allow":["GET"]}}],"collection":[{"href":"https:\/\/mediarun.com\/pl\/wp-json\/wp\/v2\/posts"}],"about":[{"href":"https:\/\/mediarun.com\/pl\/wp-json\/wp\/v2\/types\/post"}],"author":[{"embeddable":true,"href":"https:\/\/mediarun.com\/pl\/wp-json\/wp\/v2\/users\/1"}],"replies":[{"embeddable":true,"href":"https:\/\/mediarun.com\/pl\/wp-json\/wp\/v2\/comments?post=149095"}],"version-history":[{"count":0,"href":"https:\/\/mediarun.com\/pl\/wp-json\/wp\/v2\/posts\/149095\/revisions"}],"wp:featuredmedia":[{"embeddable":true,"href":"https:\/\/mediarun.com\/pl\/wp-json\/wp\/v2\/media\/149096"}],"wp:attachment":[{"href":"https:\/\/mediarun.com\/pl\/wp-json\/wp\/v2\/media?parent=149095"}],"wp:term":[{"taxonomy":"category","embeddable":true,"href":"https:\/\/mediarun.com\/pl\/wp-json\/wp\/v2\/categories?post=149095"},{"taxonomy":"post_tag","embeddable":true,"href":"https:\/\/mediarun.com\/pl\/wp-json\/wp\/v2\/tags?post=149095"}],"curies":[{"name":"wp","href":"https:\/\/api.w.org\/{rel}","templated":true}]}}