{"id":148919,"date":"2015-03-03T10:44:55","date_gmt":"2015-03-03T10:44:55","guid":{"rendered":"https:\/\/mediarun.com\/pl\/?p=148919"},"modified":"2015-03-03T14:09:39","modified_gmt":"2015-03-03T14:09:39","slug":"polska-press-grupa-nowy-podmiot-na-rynku-medialnym","status":"publish","type":"post","link":"https:\/\/mediarun.com\/pl\/marketing\/przetargi\/polska-press-grupa-nowy-podmiot-na-rynku-medialnym.html","title":{"rendered":"Polska Press Grupa &#8211; nowy podmiot na rynku medialnym"},"content":{"rendered":"<p>O po\u0142\u0105czeniu sp\u00f3\u0142ek i wp\u0142ywie fuzji na zatrudnionych pracownik\u00f3w informowali\u015bmy w pi\u0105tkowym &#8222;Presserwisie&#8221;, cho\u0107 rzeczniczka prasowa grupy nie chcia\u0142a wtedy naszych ustale\u0144 komentowa\u0107. Jednak 27 lutego nowa nazwa sp\u00f3\u0142ki Polska Press zosta\u0142a wpisana do Krajowego Rejestru S\u0105dowego. Tym samym zako\u0144czono proces konsolidacji Polskapresse i Medi\u00f3w Regionalnych (Polskapresse kupi\u0142a j\u0105 od funduszu Mecom w listopadzie 2013 roku).<\/p>\n<p>Nowa firma promowa\u0107 si\u0119 b\u0119dzie mark\u0105 Polska Press Grupa. Wprowadza te\u017c nowe logo i system identyfikacji wizualnej, kt\u00f3re maj\u0105 ujednoli\u0107 komunikacj\u0119 ca\u0142ej grupy. Opracowa\u0142a je agencja White Cat Studio. Grupa ujednolici\u0142a nazewnictwo oraz logotypy swoich 17 oddzia\u0142\u00f3w regionalnych &#8211; np. Polska Press Lublin lub Polska Press Pozna\u0144.<\/p>\n<p>Polska Press Grupa jest wydawc\u0105 18 dziennik\u00f3w regionalnych, tygodnik\u00f3w lokalnych oraz internetowych serwis\u00f3w kontentowych i og\u0142oszeniowych. Jest te\u017c w\u0142a\u015bcicielem drukarni w Bia\u0142ymstoku, \u0141odzi, Koszalinie, Poznaniu, Sosnowcu, Tarnobrzegu, Warszawie i we Wroc\u0142awiu. Od wrze\u015bnia 2014 roku jest te\u017c w\u0142a\u015bcicielem sp\u00f3\u0142ki Express Media, wydawcy m.in. &#8222;Expressu Bydgoskiego&#8221; i &#8222;Nowo\u015bci Dziennika Toru\u0144skiego&#8221;. (http:\/\/www.press.pl)<\/p>\n","protected":false},"excerpt":{"rendered":"Polska Press Grupa &#8211; takiej nazwy b\u0119dzie u\u017cywa\u0107 podmiot powsta\u0142y z po\u0142\u0105czenia sp\u00f3\u0142ek Polskapresse i Media Regionalne. Grupa przy okazji fuzji wprowadzi\u0142a nowe logo i system identyfikacji wizualnej. To ko\u0144czy proces wch\u0142aniania Medi\u00f3w Regionalnych przez Polskapresse.","protected":false},"author":6,"featured_media":148920,"comment_status":"open","ping_status":"closed","sticky":false,"template":"","format":"standard","meta":{"csco_display_header_overlay":false,"csco_singular_sidebar":"","csco_page_header_type":"","csco_page_load_nextpost":"","csco_post_video_location":[],"csco_post_video_location_hash":"","csco_post_video_url":"","csco_post_video_bg_start_time":0,"csco_post_video_bg_end_time":0,"footnotes":""},"categories":[9668,9673,4636],"tags":[187,5675,68,3401],"class_list":{"0":"post-148919","1":"post","2":"type-post","3":"status-publish","4":"format-standard","5":"has-post-thumbnail","7":"category-media","8":"category-prasa","9":"category-przetargi","10":"tag-media-regionalne","11":"tag-polska-press-grupa","12":"tag-polskapresse","13":"tag-przetargi","14":"cs-entry","15":"cs-video-wrap"},"_links":{"self":[{"href":"https:\/\/mediarun.com\/pl\/wp-json\/wp\/v2\/posts\/148919","targetHints":{"allow":["GET"]}}],"collection":[{"href":"https:\/\/mediarun.com\/pl\/wp-json\/wp\/v2\/posts"}],"about":[{"href":"https:\/\/mediarun.com\/pl\/wp-json\/wp\/v2\/types\/post"}],"author":[{"embeddable":true,"href":"https:\/\/mediarun.com\/pl\/wp-json\/wp\/v2\/users\/6"}],"replies":[{"embeddable":true,"href":"https:\/\/mediarun.com\/pl\/wp-json\/wp\/v2\/comments?post=148919"}],"version-history":[{"count":0,"href":"https:\/\/mediarun.com\/pl\/wp-json\/wp\/v2\/posts\/148919\/revisions"}],"wp:featuredmedia":[{"embeddable":true,"href":"https:\/\/mediarun.com\/pl\/wp-json\/wp\/v2\/media\/148920"}],"wp:attachment":[{"href":"https:\/\/mediarun.com\/pl\/wp-json\/wp\/v2\/media?parent=148919"}],"wp:term":[{"taxonomy":"category","embeddable":true,"href":"https:\/\/mediarun.com\/pl\/wp-json\/wp\/v2\/categories?post=148919"},{"taxonomy":"post_tag","embeddable":true,"href":"https:\/\/mediarun.com\/pl\/wp-json\/wp\/v2\/tags?post=148919"}],"curies":[{"name":"wp","href":"https:\/\/api.w.org\/{rel}","templated":true}]}}