{"id":148471,"date":"2015-02-23T13:00:44","date_gmt":"2015-02-23T13:00:44","guid":{"rendered":"https:\/\/mediarun.com\/pl\/?p=148471"},"modified":"2015-02-23T13:35:41","modified_gmt":"2015-02-23T13:35:41","slug":"skandalu-w-faktach-ciag-dalszy","status":"publish","type":"post","link":"https:\/\/mediarun.com\/pl\/media\/prasa\/skandalu-w-faktach-ciag-dalszy.html","title":{"rendered":"Skandalu w &#8222;Faktach&#8221; ci\u0105g dalszy"},"content":{"rendered":"<blockquote><p><em>Dzi\u015b, po kilku tygodniach badania sprawy, mo\u017cemy ju\u017c napisa\u0107, \u017ce przypadk\u00f3w molestowania i mobbingu dopuszcza\u0142 si\u0119 Kamil Durczok, szef \u201eFakt\u00f3w&#8221;<\/em>  <\/p>\n<p>\u017ar\u00f3d\u0142o: WPROST<\/p><\/blockquote>\n<p><em>Z dnia na dzie\u0144 obserwowali\u015bmy, jak istniej\u0105cy wok\u00f3\u0142 sprawy mur milczenia powoli si\u0119 kruszy. Nazwisko sprawcy nieoficjalnie kr\u0105\u017cy\u0142o w warszawskich \u015brodowiskach medialnych od pierwszego dnia po naszej publikacji. Omenaa Mensah, jedna z gwiazd stacji, powiedzia\u0142a publicznie, \u017ce wszyscy wiedz\u0105, o kogo chodzi. Mimo licznych atak\u00f3w medialnych na \u201eWprost\u201d i \u017ale poj\u0119tej solidarno\u015bci zawodowej, ofiary stopniowo nabiera\u0142y odwagi. Trzeba to wyra\u017anie powiedzie\u0107: wi\u0119kszo\u015b\u0107 atakuj\u0105cych nas dziennikarzy doskonale wiedzia\u0142a, \u017ce broni osoby dopuszczaj\u0105cej si\u0119 molestowania i mobbingu. Prawda jest taka, \u017ce o sprawie m\u00f3wi\u0142o si\u0119 od dawna.<\/em> &#8211; czytamy we WPROST<\/p>\n<p><em>W pewnym momencie zacz\u0119\u0142am mie\u0107 l\u0119ki. Nie wiedzia\u0142am, z kt\u00f3rej strony dostan\u0119. Przed dy\u017curami p\u0142aka\u0142am i wymiotowa\u0142am z nerw\u00f3w<\/em> \u2013 opowiada jedna z ofiar.<\/p>\n<p><em>Szefostwo stacji mog\u0142o o tych sprawach nie wiedzie\u0107. Paradoksalnie dzia\u0142a\u0142a zasada, \u017ce najciemniej pod latarni\u0105<\/em> \u2013 m\u00f3wi\u0105 byli i obecni wsp\u00f3\u0142pracownicy.<\/p>\n<p><strong>Przeczytaj tak\u017ce: <a href=\"https:\/\/mediarun.com\/media\/tv\/waza-sie-losy-tvnu.html\">Wa\u017c\u0105 si\u0119 losy TVNu<\/a><br \/>\n<\/strong><br \/>\n<em>Czy sprawa Kamila Durczoka rozejdzie si\u0119 po ko\u015bciach? Nasi rozm\u00f3wcy obawiaj\u0105 si\u0119 du\u017cego koncernu medialnego, wynaj\u0119tych firm PR-owskich, agencji detektywistycznych i solidarno\u015bci \u015brodowiska, a raczej kumpelskich uk\u0142ad\u00f3w Kamila Durczoka i os\u00f3b go chroni\u0105cych. Z nimi si\u0119 nie wygra &#8211; s\u0142yszymy. A jednak, wci\u0105\u017c zg\u0142aszaj\u0105 si\u0119 do nas kolejne poszkodowane osoby. Niekt\u00f3re s\u0105 zastraszone do tego stopnia, \u017ce nawet po latach nie maj\u0105 odwagi, aby ich relacje ujrza\u0142y \u015bwiat\u0142o dzienne<\/em> &#8211; m\u00f3wi redaktor naczelny Sylwester Latkowski<\/p>\n<p>Zarzuty pi\u0119trzy\u0142y si\u0119 nie tylko wobec Kamila Durczoka, ale r\u00f3wnie\u017c pisma, kt\u00f3re postanowi\u0142o wobec niemu wyst\u0105pi\u0107. Redakcja zosta\u0142a oskar\u017cona o nierzetelno\u015b\u0107 i celowe niszczenie czyjej\u015b kariery. Sta\u0142o si\u0119, tak, poniewa\u017c w artykule nie zosta\u0142y podane \u017cadne nazwiska, a jednocze\u015bnie dla \u015brodowiska medialnego personalia osoby kryj\u0105cej si\u0119 za anonimowym sprawc\u0105 wydawa\u0142y si\u0119 oczywiste.<\/p>\n<p><em>Nie podamy nazwisk ofiar, bo wbrew temu co napisa\u0142 dziennikarz &#8222;Gazety Wyborczej&#8221; Wojciech Czuchnowski, nie jeste\u015bmy bydlakami. Ujawnienie nazwisk ofiar by\u0142oby zwyk\u0142ym \u015bwi\u0144stwem. W wi\u0119kszo\u015bci takich spraw osobom molestowanym zapewnia si\u0119 ten minimalny komfort anonimowo\u015bci. Dlaczego minimalny? Bo traumy tych ludzi nie da si\u0119 zlikwidowa\u0107<\/em> &#8211; m\u00f3wi\u0142 Latkowski. <em>Rozumiem, \u017ce dajemy prawo g\u0142osu jedynie tekstom, w kt\u00f3rych bohater\/rozm\u00f3wca\/\u017ar\u00f3d\u0142o\/ofiara decyduj\u0105 si\u0119 m\u00f3wi\u0107 pod w\u0142asnym imieniem i nazwiskiem, najlepiej do\u0142\u0105cz\u0105 zdj\u0119cie i dla pewno\u015bci wylegitymuj\u0105 si\u0119 numerem PESEL i dowodu? Chcia\u0142bym wi\u0119c przypomnie\u0107, \u017ce jedna z bohaterek artyku\u0142\u00f3w &#8222;Wprost&#8221; tak zrobi\u0142a. <\/em><\/p>\n<blockquote><p><em>&#8222;Posz\u0142am z tym do szefostwa. Wys\u0142uchali, ale nic nie zrobili. Us\u0142ysza\u0142am: jeste\u015b doros\u0142a, zr\u00f3b z tym, co chcesz. Zrozumia\u0142am, \u017ce nag\u0142o\u015bnienie sprawy zostanie odebrane jako nielojalno\u015b\u0107 wobec firmy. Dla szefostwa stacji sta\u0142am si\u0119 gor\u0105cym kartoflem.&#8221;<\/em>  <\/p>\n<p>\u017ar\u00f3d\u0142o: WPROST<\/p><\/blockquote>\n<p>Redaktor tygodnika zauwa\u017ca r\u00f3wnie\u017c, \u017ce poza wspomnian\u0105 ju\u017c Gazet\u0105 Wyborcz\u0105, najch\u0119tniej Durczoka broni\u0142y dwa najwi\u0119ksze tabloidy &#8211; Fakt i Super Express. Zabawne, ale te\u017c nieco przera\u017caj\u0105ce jest, \u017ce standard\u00f3w etyki dziennikarskiej ucz\u0105 &#8222;Wprost&#8221; tabloidy. Ten sam &#8222;Super Express&#8221;, kt\u00f3ry robi\u0142 ok\u0142adk\u0119 za ok\u0142adk\u0105 z Katarzyn\u0105 Wa\u015bniewsk\u0105 i kt\u00f3ry publikowa\u0142 zdj\u0119cia martwego Waldemara Milewicza, rozlicza wsp\u00f3\u0142autora tekstu &#8222;Ukryta prawda&#8221;. Uczy go rzetelno\u015bci dziennikarskiej, twierdz\u0105c \u017ce niepodanie danych rozm\u00f3wczyni &#8211; w tym wypadku ofiary molestowania seksualnego &#8211; to dow\u00f3d, \u017ce sprawa w og\u00f3le si\u0119 nie wydarzy\u0142a.<\/p>\n<h2>Zmowa milczenia jednak si\u0119 sko\u0144czy\u0142a i pojawi\u0142y si\u0119 jasne zarzuty<\/h2>\n<p>W dzisiejszym numerze poznajemy histori\u0119 Magdaleny, jednej z dziennikarek pracuj\u0105cych dla Fakt\u00f3w.<\/p>\n<p><em>O trzeciej w nocy dosta\u0142am od Kamila Durczoka SMS-a: &#8222;Wpadniesz?&#8221;. Nie odpisa\u0142am. Na drugi dzie\u0144 udawa\u0142, \u017ce mnie nie widzi, wi\u0119c ja te\u017c postanowi\u0142am zapomnie\u0107 o sprawie. Ale po powrocie do Warszawy dosta\u0142am kolejnego SMS-a: &#8222;Ca\u0142y czas si\u0119 zastanawiam, dlaczego nie odpisa\u0142a\u015b w Zakopanem&#8221;. Odpisa\u0142am: &#8222;Nie wchodz\u0119 w takie relacje z szefem. Nie spotkam si\u0119 z tob\u0105&#8221;. Pojawi\u0142y si\u0119 kolejne SMS-y z propozycj\u0105 spotkania. Nie odpisywa\u0142am. Wreszcie dosta\u0142am wiadomo\u015b\u0107: &#8222;Odpisz na tego cholernego SMS-a! Czy to takie trudne?!&#8221;.<\/em><\/p>\n<h2>System Durczoka<\/h2>\n<p>Poza artyku\u0142em dotycz\u0105cym pani Magdaleny, dzi\u015b zosta\u0142 opublikowany jeszcze jeden, pt. System Durczoka. Opisywane s\u0105 tam relacje innych wsp\u00f3\u0142pracownik\u00f3w Durczoka.<\/p>\n<p><em>Przez jego zachowanie wytworzy\u0142 si\u0119 specyficzny dress code: obowi\u0105zkowe szpilki, sp\u00f3dniczki mini, krzykliwy makija\u017c. Takie dziewczyny by\u0142y wyra\u017anie faworyzowane. (&#8230;) Kamil umia\u0142 to doceni\u0107. (&#8230;) Potrafi\u0142 zatrzyma\u0107 si\u0119 przy biurku m\u0142odziutkiej reasercherki, kt\u00f3ra przysz\u0142a do pracy miesi\u0105c temu. Teoretycznie jako szef mia\u0142by prawo nie wiedzie\u0107, jak si\u0119 ta dziewczyna nazywa. A Kamil podchodzi\u0142, siada\u0142 na biurko, zagadywa\u0142, \u017cartowa\u0142. Komplementowa\u0142. Cz\u0119sto zaprasza\u0142 do gabinetu. Dla wszystkich by\u0142 to znak, \u017ce dziewczyna jest na topie.<\/em><\/p>\n<h2>G\u0142os sprzeciwu<\/h2>\n<p>G\u0142os w sprawie zabrali r\u00f3wnie\u017c obro\u0144cy dziennikarza. G\u0142o\u015bnym echem w mediach spo\u0142eczno\u015bciowych odbi\u0142 si\u0119 wpis Szymona Ho\u0142owni, kt\u00f3ry jasno wyra\u017ca swoje stanowisko: <em>Normalnie. Kto\u015b kto z faceta czytaj\u0105cego wieczorem wiadomo\u015bci, robi sobie z miejsca wz\u00f3r osobowy, powinien jak najszybciej um\u00f3wi\u0107 si\u0119 do terapeuty. Nie ma za\u015b takiej terapii, kt\u00f3ra pomog\u0142aby zrozumie\u0107, co siedzi w g\u0142owie kolegi Latkowskiego, naczelnego \u201eWprost\u201c. Czy Sylwek my\u015bli o sobie, \u017ce kto\u015b go zrobi\u0142 spowiednikiem narodu? Anio\u0142em zemsty? Polsk\u0105 mutacj\u0105 ira\u0144skiej czy saudyjskiej obyczajowej policji?<\/em><\/p>\n<p>W artykule Ho\u0142ownia dodaje:<em> \u201eWprost\u201c nie pokaza\u0142 wszak p\u00f3ki co przest\u0119pstwa, pokaza\u0142 czyje\u015b moralne ekstrementy. Zrobi\u0142 to, co wszystkie szmat\u0142awce: zanurkowa\u0142 komu\u015b w szambie, a relacj\u0119 z tej wyprawy przedstawi\u0142 jako tekst z \u201eNational Geographic\u201c. S\u0105dz\u0119, \u017ce zrobi\u0142 to z premedytacj\u0105. Moja teza: redakcja dobrze wiedzia\u0142a, \u017ce na razie nic \u201etwardego\u201c na Durczoka nie ma, ale wypu\u015bci\u0142a t\u0119 ok\u0142adk\u0119, by go os\u0142abi\u0107, i by kto\u015b kto rzeczywi\u015bcie mo\u017ce na niego co\u015b mie\u0107, nie ba\u0142 si\u0119 ju\u017c konsekwencji i kopn\u0105\u0142 le\u017c\u0105cego.<\/em><\/p>\n<p>Po publikacji periodyk\u00f3w w sieci zawrza\u0142o. To dopiero pocz\u0105tek skandalu. <\/p>\n","protected":false},"excerpt":{"rendered":"Od ukazania si\u0119 we WPROST artyku\u0142u &#8222;Ukryta prawda&#8221; nie ustawa\u0142y insynuacje i zarzuty wobec Kamila Durczoka. Dzi\u015b tygodnik opublikowa\u0142 dwa kolejne artyku\u0142y, kt\u00f3re na zawsze mog\u0105 przekre\u015bli\u0107 nazwisko znanego dziennikarza. Spraw\u0105 zaj\u0119\u0142y si\u0119 r\u00f3wnie\u017c inne media.","protected":false},"author":6,"featured_media":148472,"comment_status":"open","ping_status":"closed","sticky":false,"template":"","format":"standard","meta":{"csco_display_header_overlay":false,"csco_singular_sidebar":"","csco_page_header_type":"","csco_page_load_nextpost":"","csco_post_video_location":[],"csco_post_video_location_hash":"","csco_post_video_url":"","csco_post_video_bg_start_time":0,"csco_post_video_bg_end_time":0,"footnotes":""},"categories":[9673],"tags":[5543,5549,5545,1829,5544,5547,177,3306,5546,98,348,5548],"class_list":{"0":"post-148471","1":"post","2":"type-post","3":"status-publish","4":"format-standard","5":"has-post-thumbnail","7":"category-prasa","8":"tag-durczok","9":"tag-dyskryminacja","10":"tag-holownia","11":"tag-kamil-durczok","12":"tag-latkowski","13":"tag-molestowanie","14":"tag-newsweek","15":"tag-prasa-2","16":"tag-szymon-holownia","17":"tag-tvn","18":"tag-wprost","19":"tag-zarzuty","20":"cs-entry","21":"cs-video-wrap"},"_links":{"self":[{"href":"https:\/\/mediarun.com\/pl\/wp-json\/wp\/v2\/posts\/148471","targetHints":{"allow":["GET"]}}],"collection":[{"href":"https:\/\/mediarun.com\/pl\/wp-json\/wp\/v2\/posts"}],"about":[{"href":"https:\/\/mediarun.com\/pl\/wp-json\/wp\/v2\/types\/post"}],"author":[{"embeddable":true,"href":"https:\/\/mediarun.com\/pl\/wp-json\/wp\/v2\/users\/6"}],"replies":[{"embeddable":true,"href":"https:\/\/mediarun.com\/pl\/wp-json\/wp\/v2\/comments?post=148471"}],"version-history":[{"count":0,"href":"https:\/\/mediarun.com\/pl\/wp-json\/wp\/v2\/posts\/148471\/revisions"}],"wp:featuredmedia":[{"embeddable":true,"href":"https:\/\/mediarun.com\/pl\/wp-json\/wp\/v2\/media\/148472"}],"wp:attachment":[{"href":"https:\/\/mediarun.com\/pl\/wp-json\/wp\/v2\/media?parent=148471"}],"wp:term":[{"taxonomy":"category","embeddable":true,"href":"https:\/\/mediarun.com\/pl\/wp-json\/wp\/v2\/categories?post=148471"},{"taxonomy":"post_tag","embeddable":true,"href":"https:\/\/mediarun.com\/pl\/wp-json\/wp\/v2\/tags?post=148471"}],"curies":[{"name":"wp","href":"https:\/\/api.w.org\/{rel}","templated":true}]}}