{"id":148056,"date":"2015-02-17T11:44:41","date_gmt":"2015-02-17T11:44:41","guid":{"rendered":"https:\/\/mediarun.com\/pl\/?p=148056"},"modified":"2015-02-17T11:57:39","modified_gmt":"2015-02-17T11:57:39","slug":"rmf-fm-jak-to-sie-robi","status":"publish","type":"post","link":"https:\/\/mediarun.com\/pl\/media\/radio\/rmf-fm-jak-to-sie-robi.html","title":{"rendered":"RMF FM &#8211; jak to si\u0119 robi?"},"content":{"rendered":"<p>Wzrostowi RFM FM towarzysz\u0105 s\u0142absze wyniki najwi\u0119kszych stacji konkurencyjnych. W por\u00f3wnaniu z analogiczn\u0105 fal\u0105 sprzed roku stacje te zanotowa\u0142y spadki udzia\u0142u w czasie s\u0142uchania, podczas gdy RMF FM wyra\u017anie zyska\u0142. <\/p>\n<p>Spadkow\u0105 tendencj\u0105 cechuje si\u0119 wynik radia zet 0 udzia\u0142 w czasie s\u0142uchania tej stacji jest najni\u017cszy w historii i po raz pierwszy spad\u0142 poni\u017cej 14%. RMF FM posiada niezagro\u017con\u0105 pozycj\u0119 lidera tak\u017ce w komercyjnej grupie s\u0142uchaczy radia, kt\u00f3r\u0105 stanowi\u0105 osoby w wieku 16-49 lat. Jak wynika z najnowszej fali bada\u0144 Instytutu Millward Brown udzia\u0142 RMF FM w czasie s\u0142uchania wynosi obecnie 28,1% a zasi\u0119g dzienny 32,6%.<\/p>\n<p>Oznacza to, \u017ce zar\u00f3wno udzia\u0142 w czasie s\u0142uchania, jak i liczba s\u0142uchaczy RMF FM s\u0105 wy\u017csze, ni\u017c wynosi \u0142\u0105czny wynik trzech kolejnych stacji og\u00f3lnopolskich w grupie wiekowej 16-49 lat.<\/p>\n<p>Por\u00f3wnanie wynik\u00f3w og\u00f3lnopolskich stacji radiowych w\u015br\u00f3d os\u00f3b w wieku 16-49 lat:<\/p>\n<p><strong>RMF FM<\/strong><br \/>\n28,1% &#8211; udzia\u0142 w czasie s\u0142uchania<br \/>\n32,6% &#8211; zasi\u0119g dzienny<br \/>\n<strong>ZET<\/strong><br \/>\n14,3% &#8211; udzia\u0142 w czasie s\u0142uchania<br \/>\n20,4% &#8211; zasi\u0119g dzienny<br \/>\n<strong>Program 3 Polskiego Radia<\/strong><br \/>\n6,8% &#8211; udzia\u0142 w czasie s\u0142uchania<br \/>\n7,2% &#8211; zasi\u0119g dzienny<br \/>\n<strong>Program 1 Polskiego Radia<\/strong><br \/>\n3,0% &#8211; udzia\u0142 w czasie s\u0142uchania<br \/>\n4,6% &#8211; zasi\u0119g dzienny<\/p>\n<p>Znakomite wyniki RMF FM z pocz\u0105tku 2015 roku s\u0105 efektem wyj\u0105tkowych pozytywnej reakcji s\u0142uchaczy na dzia\u0142ania stacji zwi\u0105zanej z jej 25-tym urodzinami.  Ogromnym zainteresowaniem cieszy\u0142y si\u0119 specjalne serwisy internetowe po\u015bwi\u0119cone urodzinom stacji. S\u0142uchacze za pomoc\u0105 strony rmf.fm mogli nadsy\u0142a\u0107 swoje zdj\u0119cia, kt\u00f3re nast\u0119pnie strony rmf.fm mogli nadsy\u0142a\u0107 swoje zdj\u0119cia, kt\u00f3re nast\u0119pnie zosta\u0142y wykorzystane przy tworzeniu logo stacji. Przyszli rodzice rejestrowali si\u0119 r\u00f3wnie\u017c w konkursie o wyprawk\u0119 dla dzieci urodzonych 15 stycznia i r\u00f3wnie\u017c przesy\u0142ali swoje zdj\u0119cia. <\/p>\n<p>O ogromnym, pozytywnym odd\u017awi\u0119ku tych akcji \u015bwiadczy rekordowy wynik strony internetowej RMF FM. W styczniu 2015 odwiedzi\u0142o j\u0105 ponad 1,7 mln unikalnych u\u017cytkownik\u00f31) a serwis odnotowa\u0142 w ci\u0105gu tego miesi\u0105ca ponad 7,2 mln ods\u0142on.<\/p>\n<p>(Radio Track, Millward Brown, Gemius)<\/p>\n","protected":false},"excerpt":{"rendered":"W trzech kolejnych falach RMF FM wyra\u017anie zyska\u0142, tak\u017ce w por\u00f3wnaniu do analogicznej fali sprzed roku radio notuje bardzo du\u017cy wzrost. Obecnie udzia\u0142 w czasie s\u0142uchania RMF FM wynosi 24,5% i jest wy\u017cszy ni\u017c \u0142\u0105czny wynik dw\u00f3ch kolejnych stacji.","protected":false},"author":6,"featured_media":148069,"comment_status":"open","ping_status":"closed","sticky":false,"template":"","format":"standard","meta":{"csco_display_header_overlay":false,"csco_singular_sidebar":"","csco_page_header_type":"","csco_page_load_nextpost":"","csco_post_video_location":[],"csco_post_video_location_hash":"","csco_post_video_url":"","csco_post_video_bg_start_time":0,"csco_post_video_bg_end_time":0,"footnotes":""},"categories":[9672],"tags":[102,373,3422,1298,298,5442],"class_list":{"0":"post-148056","1":"post","2":"type-post","3":"status-publish","4":"format-standard","5":"has-post-thumbnail","7":"category-radio","8":"tag-gemius","9":"tag-millward-brown","10":"tag-radio-2","11":"tag-radio-track","12":"tag-rmf-fm","13":"tag-statystyki","14":"cs-entry","15":"cs-video-wrap"},"_links":{"self":[{"href":"https:\/\/mediarun.com\/pl\/wp-json\/wp\/v2\/posts\/148056","targetHints":{"allow":["GET"]}}],"collection":[{"href":"https:\/\/mediarun.com\/pl\/wp-json\/wp\/v2\/posts"}],"about":[{"href":"https:\/\/mediarun.com\/pl\/wp-json\/wp\/v2\/types\/post"}],"author":[{"embeddable":true,"href":"https:\/\/mediarun.com\/pl\/wp-json\/wp\/v2\/users\/6"}],"replies":[{"embeddable":true,"href":"https:\/\/mediarun.com\/pl\/wp-json\/wp\/v2\/comments?post=148056"}],"version-history":[{"count":0,"href":"https:\/\/mediarun.com\/pl\/wp-json\/wp\/v2\/posts\/148056\/revisions"}],"wp:featuredmedia":[{"embeddable":true,"href":"https:\/\/mediarun.com\/pl\/wp-json\/wp\/v2\/media\/148069"}],"wp:attachment":[{"href":"https:\/\/mediarun.com\/pl\/wp-json\/wp\/v2\/media?parent=148056"}],"wp:term":[{"taxonomy":"category","embeddable":true,"href":"https:\/\/mediarun.com\/pl\/wp-json\/wp\/v2\/categories?post=148056"},{"taxonomy":"post_tag","embeddable":true,"href":"https:\/\/mediarun.com\/pl\/wp-json\/wp\/v2\/tags?post=148056"}],"curies":[{"name":"wp","href":"https:\/\/api.w.org\/{rel}","templated":true}]}}