{"id":147061,"date":"2015-02-02T11:18:06","date_gmt":"2015-02-02T11:18:06","guid":{"rendered":"https:\/\/mediarun.com\/pl\/?p=147061"},"modified":"2015-04-08T13:27:10","modified_gmt":"2015-04-08T13:27:10","slug":"zmiany-w-biurze-reklamy-wydawnictwa-bauer-2","status":"publish","type":"post","link":"https:\/\/mediarun.com\/pl\/ludzie\/kariera\/zmiany-w-biurze-reklamy-wydawnictwa-bauer-2.html","title":{"rendered":"Zmiany w biurze reklamy wydawnictwa BAUER"},"content":{"rendered":"<p>Umieszczanie w mediaplanie magazyn\u00f3w z r\u00f3\u017cnych segment\u00f3w pozwala budowa\u0107 szeroki zasi\u0119g, z utrzymaniem atrybut\u00f3w jako\u015bciowo &#8211; wizerunkowych kampanii, jakie niesie ze sob\u0105 prasa magazynowa. Oferta zasi\u0119gowo wizerunkowa jest alternatyw\u0105 dla kampanii w innych mediach, b\u0105d\u017a ich uzupe\u0142nieniem.<\/p>\n<p>Ponadto Dzia\u0142 Oferty Specjalnej b\u0119dzie realizowa\u0142 projekty niestandardowe, zgodnie z rosn\u0105cym zapotrzebowaniem Reklamodawc\u00f3w na innowacyjne zaistnienie w prasie.<\/p>\n<p>Dzia\u0142 Oferty Specjalnej od lutego b\u0119dzie liczy\u0142 5 OS\u00d3B z du\u017cym do\u015bwiadczeniem w sprzeda\u017cy oraz wysokimi zdolno\u015bciami kreatywnymi i analitycznymi. S\u0105 to Paulina Borkowska, Monika Walenko -Brzozowska, Katarzyna Kilanowska, Ma\u0142gorzata Szyma\u0144ska oraz Aneta Fizyczak. Mened\u017cerowie oferty specjalnej zostali wy\u0142onieni w drodze wewn\u0119trznej rekrutacji. Raportuj\u0105 bezpo\u015brednio do Izabeli Sarneckiej, Dyrektor Biura Reklamy.<\/p>\n<p><a href=\"https:\/\/mediarun.com\/wp-content\/uploads\/2015\/02\/Aneta-R..jpg\"><img fetchpriority=\"high\" decoding=\"async\" class=\" size-full wp-image-147062 alignleft\" src=\"https:\/\/mediarun.com\/wp-content\/uploads\/2015\/02\/Aneta-R..jpg\" alt=\"Aneta R.\" width=\"283\" height=\"283\" title=\"\"><\/a> <a href=\"https:\/\/mediarun.com\/wp-content\/uploads\/2015\/02\/czarek-K..jpg\"><img decoding=\"async\" class=\" size-full wp-image-147063 alignright\" src=\"https:\/\/mediarun.com\/wp-content\/uploads\/2015\/02\/czarek-K..jpg\" alt=\"czarek K.\" width=\"283\" height=\"283\" title=\"\"><\/a>W styczniu mia\u0142y miejsce tak\u017ce zmiany personalne na stanowiskach kierowniczych. <strong>Aneta Rym Ga\u0142ka<\/strong> jest nowym Dyrektorem Reklamy Pism Telewizyjnych, <strong>Cezary Kozie\u0142<\/strong> za\u015b awansowa\u0142 na Dyrektora Reklamy Pism M\u0142odzie\u017cowych.<\/p>\n<p>&nbsp;<\/p>\n<p><a href=\"https:\/\/mediarun.com\/wp-content\/uploads\/2015\/02\/Asia-\u017b..jpg\"><img decoding=\"async\" class=\" size-full wp-image-147065 alignleft\" src=\"https:\/\/mediarun.com\/wp-content\/uploads\/2015\/02\/Asia-\u017b..jpg\" alt=\"Asia-\u017b.\" width=\"283\" height=\"283\" title=\"\"><\/a>W zwi\u0105zku ze zmian\u0105 organizacji Biura Reklamy powstaje tak\u017ce <strong>Dzia\u0142 Analiz i Wsparcia Sprzeda\u017cy<\/strong>, kt\u00f3rym kierowa\u0107 b\u0119dzie<strong> Joanna \u017bo\u0142yniak<\/strong>. Dzia\u0142 b\u0119dzie z\u0142o\u017cony z grafik\u00f3w, analityk\u00f3w oraz koordynator\u00f3w. Konsolidacja tych zespo\u0142\u00f3w ma na celu wzmocnienie argumentacji sprzeda\u017cowej i realizacj\u0119 cel\u00f3w strategicznych na 2015.<\/p>\n","protected":false},"excerpt":{"rendered":"W strukturze Biura Reklamy Wydawnictwa Bauer powstaje dzia\u0142 oferty specjalnej. G\u0142\u00f3wnym jego zadaniem b\u0119dzie przygotowywanie i sprzeda\u017c Reklamodawcom oferty crossegmentowej,  wykorzystuj\u0105cej szerokie portfolio Bauera (obecnie 38 tytu\u0142\u00f3w).","protected":false},"author":1,"featured_media":147067,"comment_status":"open","ping_status":"closed","sticky":false,"template":"","format":"standard","meta":{"csco_display_header_overlay":false,"csco_singular_sidebar":"","csco_page_header_type":"","csco_page_load_nextpost":"","csco_post_video_location":[],"csco_post_video_location_hash":"","csco_post_video_url":"","csco_post_video_bg_start_time":0,"csco_post_video_bg_end_time":0,"footnotes":""},"categories":[5909],"tags":[3621,60,200],"class_list":{"0":"post-147061","1":"post","2":"type-post","3":"status-publish","4":"format-standard","5":"has-post-thumbnail","7":"category-kariera","8":"tag-awans","9":"tag-bauer","10":"tag-reklama","11":"cs-entry","12":"cs-video-wrap"},"_links":{"self":[{"href":"https:\/\/mediarun.com\/pl\/wp-json\/wp\/v2\/posts\/147061","targetHints":{"allow":["GET"]}}],"collection":[{"href":"https:\/\/mediarun.com\/pl\/wp-json\/wp\/v2\/posts"}],"about":[{"href":"https:\/\/mediarun.com\/pl\/wp-json\/wp\/v2\/types\/post"}],"author":[{"embeddable":true,"href":"https:\/\/mediarun.com\/pl\/wp-json\/wp\/v2\/users\/1"}],"replies":[{"embeddable":true,"href":"https:\/\/mediarun.com\/pl\/wp-json\/wp\/v2\/comments?post=147061"}],"version-history":[{"count":0,"href":"https:\/\/mediarun.com\/pl\/wp-json\/wp\/v2\/posts\/147061\/revisions"}],"wp:featuredmedia":[{"embeddable":true,"href":"https:\/\/mediarun.com\/pl\/wp-json\/wp\/v2\/media\/147067"}],"wp:attachment":[{"href":"https:\/\/mediarun.com\/pl\/wp-json\/wp\/v2\/media?parent=147061"}],"wp:term":[{"taxonomy":"category","embeddable":true,"href":"https:\/\/mediarun.com\/pl\/wp-json\/wp\/v2\/categories?post=147061"},{"taxonomy":"post_tag","embeddable":true,"href":"https:\/\/mediarun.com\/pl\/wp-json\/wp\/v2\/tags?post=147061"}],"curies":[{"name":"wp","href":"https:\/\/api.w.org\/{rel}","templated":true}]}}