{"id":146436,"date":"2015-01-23T10:51:15","date_gmt":"2015-01-23T10:51:15","guid":{"rendered":"https:\/\/mediarun.com\/pl\/?p=146436"},"modified":"2015-03-17T10:24:29","modified_gmt":"2015-03-17T10:24:29","slug":"nowa-ceo-grey-group","status":"publish","type":"post","link":"https:\/\/mediarun.com\/pl\/ludzie\/kariera\/nowa-ceo-grey-group.html","title":{"rendered":"Nowa CEO Grey Group"},"content":{"rendered":"<p>Anna Pa\u0144czyk przechodzi do Grey Group z agencji Change Integrated, gdzie pe\u0142ni\u0142a funkcje CEO oraz prezesa zarz\u0105du przez siedem lat. W czasie gdy zarz\u0105dza\u0142a agencj\u0105, Change zmieni\u0142 si\u0119 z obiecuj\u0105cego start-upa w jedn\u0105 z wiod\u0105cych polskich agencji niezale\u017cnych. Grey ma nadziej\u0119, \u017ce do\u015bwiadczenie Anny pomo\u017ce stworzy\u0107 naprawd\u0119 zintegrowan\u0105 ofert\u0119 dla renomowanych klient\u00f3w.<\/p>\n<p>Rafa\u0142 Baran, kt\u00f3ry by\u0142 CEO Grey Group od 2008, zosta\u0142 powo\u0142any na stanowisko Non-Executive President Grey Central and Eastern Europe.  Do jego zada\u0144 b\u0119dzie nale\u017ca\u0142o kierowanie rozwojem new business Grey w regionie CEE. Stoj\u0105c na czele Grey Group, Rafa\u0142 Baran odni\u00f3s\u0142 wiele sukces\u00f3w w ostatnich latach, podnosz\u0105c znacz\u0105co zyski agencji oraz otrzymuj\u0105c wiele nagr\u00f3d.<\/p>\n","protected":false},"excerpt":{"rendered":"David Patton, CEO i prezes Grey Group Europe, Middle East and Africa, poinformowa\u0142 dzi\u015b, \u017ce Anna Pa\u0144czyk zostanie CEO Grey Group. Grey przechodzi obecnie proces transformacji, w wyniku kt\u00f3rego agencja b\u0119dzie dostarcza\u0107 jeszcze lepsze kreatywne rozwi\u0105zania oraz nowe us\u0142ugi z obszar\u00f3w od Digital po Shopper Marketing. Zadaniem Anny jako CEO Grey Group Polska b\u0119dzie przyspieszenie tego procesu.","protected":false},"author":6,"featured_media":146443,"comment_status":"open","ping_status":"closed","sticky":false,"template":"","format":"standard","meta":{"csco_display_header_overlay":false,"csco_singular_sidebar":"","csco_page_header_type":"","csco_page_load_nextpost":"","csco_post_video_location":[],"csco_post_video_location_hash":"","csco_post_video_url":"","csco_post_video_bg_start_time":0,"csco_post_video_bg_end_time":0,"footnotes":""},"categories":[5909],"tags":[4626,5062,3621,5061],"class_list":{"0":"post-146436","1":"post","2":"type-post","3":"status-publish","4":"format-standard","5":"has-post-thumbnail","7":"category-kariera","8":"tag-agencja-change","9":"tag-anna-panczyk","10":"tag-awans","11":"tag-grey-group","12":"cs-entry","13":"cs-video-wrap"},"_links":{"self":[{"href":"https:\/\/mediarun.com\/pl\/wp-json\/wp\/v2\/posts\/146436","targetHints":{"allow":["GET"]}}],"collection":[{"href":"https:\/\/mediarun.com\/pl\/wp-json\/wp\/v2\/posts"}],"about":[{"href":"https:\/\/mediarun.com\/pl\/wp-json\/wp\/v2\/types\/post"}],"author":[{"embeddable":true,"href":"https:\/\/mediarun.com\/pl\/wp-json\/wp\/v2\/users\/6"}],"replies":[{"embeddable":true,"href":"https:\/\/mediarun.com\/pl\/wp-json\/wp\/v2\/comments?post=146436"}],"version-history":[{"count":0,"href":"https:\/\/mediarun.com\/pl\/wp-json\/wp\/v2\/posts\/146436\/revisions"}],"wp:featuredmedia":[{"embeddable":true,"href":"https:\/\/mediarun.com\/pl\/wp-json\/wp\/v2\/media\/146443"}],"wp:attachment":[{"href":"https:\/\/mediarun.com\/pl\/wp-json\/wp\/v2\/media?parent=146436"}],"wp:term":[{"taxonomy":"category","embeddable":true,"href":"https:\/\/mediarun.com\/pl\/wp-json\/wp\/v2\/categories?post=146436"},{"taxonomy":"post_tag","embeddable":true,"href":"https:\/\/mediarun.com\/pl\/wp-json\/wp\/v2\/tags?post=146436"}],"curies":[{"name":"wp","href":"https:\/\/api.w.org\/{rel}","templated":true}]}}