{"id":14621,"date":"2011-07-11T13:22:27","date_gmt":"2011-07-11T11:22:27","guid":{"rendered":"https:\/\/mediarun.com\/index.php\/news-posts\/malaszynski-w-kampanii-wwf\/"},"modified":"2011-07-11T13:22:27","modified_gmt":"2011-07-11T11:22:27","slug":"malaszynski-w-kampanii-wwf","status":"publish","type":"post","link":"https:\/\/mediarun.com\/pl\/marketing\/atl\/malaszynski-w-kampanii-wwf.html","title":{"rendered":"Ma\u0142aszy\u0144ski w kampanii WWF"},"content":{"rendered":"<p>Dzia\u0142ania opieraj\u0105 si\u0119 na przekazie, kt&oacute;ry informuje ile WWF zawdzi\u0119cza ludziom zar&oacute;wno nieznanym jak i bardzo rozpoznawalnym. Organizacja liczy zarazem na pozyskanie sympatyk&oacute;w, kt&oacute;rzy zaanga\u017cuj\u0105 si\u0119 w dzia\u0142ania na rzecz ochrony \u015brodowiska naturalnego poprzez zmian\u0119 swoich codziennych nawyk&oacute;w oraz wspieranie WWF.<\/p>\n<p>Celem jest przekonanie spo\u0142ecze\u0144stwa do tego, \u017ce wspieranie WWF to zarazem pomaganie Ziemi i sobie. Istotnym elementem kampanii ma byc wydarzenie zaplanowane na 23 lipca w Warszawie podczas kt&oacute;rego 1600 os&oacute;b podejmie zobowi\u0105zania na rzecz Ziemi, a nast\u0119pnie stworzy najwi\u0119ksz\u0105 na \u015bwiecie pand\u0119.<\/p>\n<p>G\u0142&oacute;wny przekaz kampanii brzmi: &#8222;Ju\u017c od 10 lat Polacy pomagaj\u0105 WWF chroni\u0107 przyrod\u0119 w Polsce i na \u015bwiecie. To dzi\u0119ki Waszym dzia\u0142aniom tak wiele uda\u0142o si\u0119 ju\u017c osi\u0105gn\u0105\u0107. Razem mamy moc by zmienia\u0107 \u015bwiat na lepszy. Niech urodziny WWF stan\u0105 si\u0119 motywacj\u0105 do wsp&oacute;lnego dzia\u0142ania na rzecz Ziemi. Nasz \u015bwiat. Nasza przysz\u0142o\u015b\u0107. A Ty co zrobisz dla Ziemi ?&#8221;<\/p>\n<p>Kampania, kt&oacute;rej kreacj\u0119 wspieraj\u0105 wypowiedzi gwiazd &#8211; Paw\u0142a Ma\u0142aszy\u0144skiego, Moniki Richardson i Pascala Brodnickiego potrwa do 31 lipca.<\/p>\n<p>Dzia\u0142ania obejm\u0105 outdoor, radio, internet i pras\u0119. Partnerami tej kampanii WWF s\u0105 PanMedia Western, RMF FM, AMS, Interia.pl oraz Tor S\u0142u\u017cewiec. Reklamy jubileuszu WWF znajduj\u0105 si\u0119 w Polityce, Forum, Angorze, Kuchni, Avanti i Czterech K\u0105tach.<\/p>\n","protected":false},"excerpt":{"rendered":"Rozpocz\u0119\u0142a si\u0119 kampania reklamowa z okazji podw&oacute;jnego jubileuszu WWF &#8211; 50 lecia organizacji i 10-lecia jej istnienia w Polsce.","protected":false},"author":1,"featured_media":14622,"comment_status":"open","ping_status":"closed","sticky":false,"template":"","format":"standard","meta":{"csco_display_header_overlay":false,"csco_singular_sidebar":"","csco_page_header_type":"","csco_page_load_nextpost":"","csco_post_video_location":[],"csco_post_video_location_hash":"","csco_post_video_url":"","csco_post_video_bg_start_time":0,"csco_post_video_bg_end_time":0,"footnotes":""},"categories":[9642],"tags":[798,797],"class_list":{"0":"post-14621","1":"post","2":"type-post","3":"status-publish","4":"format-standard","5":"has-post-thumbnail","7":"category-atl","8":"tag-pan-media-western","9":"tag-wwf-polska","10":"cs-entry","11":"cs-video-wrap"},"_links":{"self":[{"href":"https:\/\/mediarun.com\/pl\/wp-json\/wp\/v2\/posts\/14621","targetHints":{"allow":["GET"]}}],"collection":[{"href":"https:\/\/mediarun.com\/pl\/wp-json\/wp\/v2\/posts"}],"about":[{"href":"https:\/\/mediarun.com\/pl\/wp-json\/wp\/v2\/types\/post"}],"author":[{"embeddable":true,"href":"https:\/\/mediarun.com\/pl\/wp-json\/wp\/v2\/users\/1"}],"replies":[{"embeddable":true,"href":"https:\/\/mediarun.com\/pl\/wp-json\/wp\/v2\/comments?post=14621"}],"version-history":[{"count":0,"href":"https:\/\/mediarun.com\/pl\/wp-json\/wp\/v2\/posts\/14621\/revisions"}],"wp:featuredmedia":[{"embeddable":true,"href":"https:\/\/mediarun.com\/pl\/wp-json\/wp\/v2\/media\/14622"}],"wp:attachment":[{"href":"https:\/\/mediarun.com\/pl\/wp-json\/wp\/v2\/media?parent=14621"}],"wp:term":[{"taxonomy":"category","embeddable":true,"href":"https:\/\/mediarun.com\/pl\/wp-json\/wp\/v2\/categories?post=14621"},{"taxonomy":"post_tag","embeddable":true,"href":"https:\/\/mediarun.com\/pl\/wp-json\/wp\/v2\/tags?post=14621"}],"curies":[{"name":"wp","href":"https:\/\/api.w.org\/{rel}","templated":true}]}}