{"id":145987,"date":"2015-01-16T14:35:50","date_gmt":"2015-01-16T14:35:50","guid":{"rendered":"https:\/\/mediarun.com\/pl\/?p=145987"},"modified":"2015-01-16T14:35:50","modified_gmt":"2015-01-16T14:35:50","slug":"polska-gospodarka-w-2015-r-wzrosnie-o-3-proc","status":"publish","type":"post","link":"https:\/\/mediarun.com\/pl\/marketing\/polska-gospodarka-w-2015-r-wzrosnie-o-3-proc.html","title":{"rendered":"Polska gospodarka w 2015 r. wzro\u015bnie o 3 proc."},"content":{"rendered":"<p>Niekorzystny wp\u0142yw na polsk\u0105 gospodark\u0119 ma konflikt rosyjsko-ukrai\u0144ski, g\u0142\u00f3wnie ze wzgl\u0119du na ograniczenie eksportu na Wsch\u00f3d, to znacznie powa\u017cniejsze znaczenie ma bardzo niska dynamika aktywno\u015bci w strefie euro. \u201eMimo i\u017c nie wida\u0107 symptom\u00f3w, aby gospodarka strefy euro szybko wysz\u0142a ze stagnacyjnego wzrostu (\u2026), to podtrzymujemy prognoz\u0119 powy\u017cej 3 proc.\u201d \u2013 powiedzia\u0142 prof. Hausner cz\u0142onek Rady Polityki Pieni\u0119\u017cnej<\/p>\n<p>By\u0142y minister finans\u00f3w prof. Miros\u0142aw Gronicki r\u00f3wnie\u017c uwa\u017ca, \u017ce w br. wzrost PKB si\u0119gnie ok. 3 proc. Ekonomista zwr\u00f3ci\u0142 jednak uwag\u0119 na zagro\u017cenia wewn\u0119trzne. To przede wszystkim niski poziom oszcz\u0119dno\u015bci, kt\u00f3ry si\u0119 nie powi\u0119ksza.<\/p>\n<p>\u201ePrzy do\u015b\u0107 s\u0142abym nap\u0142ywie kapita\u0142u do Polski powoduje to, \u017ce inwestycje (\u2026) nie rosn\u0105 tak szybko jakby mog\u0142y. W czasie o\u017cywienia gospodarczego tempo ich wzrostu wynosi\u0142o mocno powy\u017cej 10 proc. Trudno spodziewa\u0107 si\u0119, by zosta\u0142o to osi\u0105gni\u0119te. S\u0105 czynniki, kt\u00f3re nas hamuj\u0105, inne pomagaj\u0105. Paradoksalnie pomaga nam deflacja, bo zwi\u0119ksza mo\u017cliwo\u015bci nabywcze gospodarstw domowych\u201d \u2013 m\u00f3wi\u0142.<\/p>\n<p>Prof. Jerzy Hausner zastanawiaj\u0105c si\u0119, gdzie nale\u017cy upatrywa\u0107 szans na 3-proc. wzrost PKB, wymieni\u0142 dobr\u0105 sytuacj\u0119 finansow\u0105 firm. Ekonomista zwr\u00f3ci\u0142 jednak uwag\u0119, \u017ce na tym tle s\u0105 ga\u0142\u0119zie gospodarki, kt\u00f3re wypadaj\u0105 niekorzystnie. To m.in. g\u00f3rnictwo w\u0119gla kamiennego. Przypomnia\u0142, \u017ce w 13 dotychczasowych raportach ISR wskazywano na wysoki poziom zagro\u017cenia upad\u0142o\u015bci\u0105 w tym sektorze. <\/p>\n<p>Hausner zaznaczy\u0142, \u017ce problemy g\u00f3rnictwa nie wynikaj\u0105 jedynie z powodu cen na rynkach mi\u0119dzynarodowych, bo polski w\u0119giel nie jest eksportowany, a import nie jest du\u017cy. \u201eDzia\u0142aj\u0105 tu czynniki wewn\u0119trzne zwi\u0105zane ze z\u0142ym zarz\u0105dzaniem, z\u0142ym nadzorem w\u0142a\u015bcicielskim. (\u2026) To jest sektor, kt\u00f3ry mo\u017ce zara\u017ca\u0107, przyk\u0142adowo energetyk\u0119. (\u2026) Chodzi te\u017c o ma\u0142e i \u015brednie przedsi\u0119biorstwa w otoczeniu\u201d \u2013 podkre\u015bli\u0142.<\/p>\n<p>W\u015br\u00f3d sektor\u00f3w, kt\u00f3re mog\u0105 by\u0107 zagro\u017cone upad\u0142o\u015bci\u0105 jest te\u017c telekomunikacja i przemys\u0142 chemiczny. \u201ePopatrzmy te\u017c na budownictwo, kt\u00f3re jest dzi\u015b w okresie dobrej koniunktury. W budownictwie przemys\u0142owym mamy jednak do czynienia ze stagnacj\u0105. Oczekujemy wprawdzie nowej fali inwestycji publicznych w zwi\u0105zku z dop\u0142ywem funduszy unijnych, ale problem jest\u201d \u2013 m\u00f3wi\u0142.<\/p>\n<p>Powa\u017cnym problemem jest te\u017c sytuacja w sektorze transportowym, kt\u00f3ra wynika z polityki w\u0142adz Niemiec. Chodzi o wym\u00f3g respektowania cen minimalnych w przypadku przejazdu przez ten kraj. \u201eTa zmienna, kt\u00f3ra od nas nie zale\u017cy, praktycznie eliminuje sektor z funkcjonowania na rynku Zachodnim, a zostali\u015bmy ju\u017c wyeliminowani, je\u015bli chodzi o transport na Wsch\u00f3d\u201d \u2013 powiedzia\u0142.<br \/>\nDebata towarzyszy\u0142a sympozjum naukowemu \u201eWsp\u00f3\u0142czesna gospodarka i administracja publiczna\u201d, kt\u00f3re odbywa si\u0119 w Szczyrku pod patronatem Polskiej Agencji Prasowej.<\/p>\n<p>\u0179r\u00f3d\u0142o: Onet Biznes<\/p>\n","protected":false},"excerpt":{"rendered":"Przewidywany wzrost PKB powy\u017cej 3 proc. W ostatni pi\u0105tek w Szczyrku odby\u0142a si\u0119 debata ekonomist\u00f3w, kt\u00f3rzy wskazali, \u017ce obni\u017cenia tempa rozwoju mo\u017cna spodziewa\u0107 si\u0119 dopiero w 2016 roku.","protected":false},"author":6,"featured_media":145994,"comment_status":"open","ping_status":"closed","sticky":false,"template":"","format":"standard","meta":{"csco_display_header_overlay":false,"csco_singular_sidebar":"","csco_page_header_type":"","csco_page_load_nextpost":"","csco_post_video_location":[],"csco_post_video_location_hash":"","csco_post_video_url":"","csco_post_video_bg_start_time":0,"csco_post_video_bg_end_time":0,"footnotes":""},"categories":[9639],"tags":[5000,5002,9640,5001],"class_list":{"0":"post-145987","1":"post","2":"type-post","3":"status-publish","4":"format-standard","5":"has-post-thumbnail","7":"category-marketing","8":"tag-gielda","9":"tag-hausner","10":"tag-marketing","11":"tag-pkb","12":"cs-entry","13":"cs-video-wrap"},"_links":{"self":[{"href":"https:\/\/mediarun.com\/pl\/wp-json\/wp\/v2\/posts\/145987","targetHints":{"allow":["GET"]}}],"collection":[{"href":"https:\/\/mediarun.com\/pl\/wp-json\/wp\/v2\/posts"}],"about":[{"href":"https:\/\/mediarun.com\/pl\/wp-json\/wp\/v2\/types\/post"}],"author":[{"embeddable":true,"href":"https:\/\/mediarun.com\/pl\/wp-json\/wp\/v2\/users\/6"}],"replies":[{"embeddable":true,"href":"https:\/\/mediarun.com\/pl\/wp-json\/wp\/v2\/comments?post=145987"}],"version-history":[{"count":0,"href":"https:\/\/mediarun.com\/pl\/wp-json\/wp\/v2\/posts\/145987\/revisions"}],"wp:featuredmedia":[{"embeddable":true,"href":"https:\/\/mediarun.com\/pl\/wp-json\/wp\/v2\/media\/145994"}],"wp:attachment":[{"href":"https:\/\/mediarun.com\/pl\/wp-json\/wp\/v2\/media?parent=145987"}],"wp:term":[{"taxonomy":"category","embeddable":true,"href":"https:\/\/mediarun.com\/pl\/wp-json\/wp\/v2\/categories?post=145987"},{"taxonomy":"post_tag","embeddable":true,"href":"https:\/\/mediarun.com\/pl\/wp-json\/wp\/v2\/tags?post=145987"}],"curies":[{"name":"wp","href":"https:\/\/api.w.org\/{rel}","templated":true}]}}