{"id":14541,"date":"2011-07-13T12:09:56","date_gmt":"2011-07-13T10:09:56","guid":{"rendered":"https:\/\/mediarun.com\/index.php\/news-posts\/nowy-serial-bartka-kedzierskiego-w-5d\/"},"modified":"2011-07-13T12:09:56","modified_gmt":"2011-07-13T10:09:56","slug":"nowy-serial-bartka-kedzierskiego-w-5d","status":"publish","type":"post","link":"https:\/\/mediarun.com\/pl\/media\/tv\/nowy-serial-bartka-kedzierskiego-w-5d.html","title":{"rendered":"Nowy serial Bartka K\u0119dzierskiego w 5D"},"content":{"rendered":"<p>Re\u017cyserem animacji jest Bartek K\u0119dzierski, autor kultowego formatu &#8222;W\u0142atcy M&oacute;ch&#8221;, a o dziejach naszego kraju opowiada\u0107 b\u0119dzie Marek Konrat.<\/p>\n<p>Serial historyczny &#8222;Kreskostoria&#8221; &#8211; obejmuj\u0105cy 26 odcink&oacute;w &#8211; skierowany jest do uczni&oacute;w szk&oacute;\u0142 gimnazjalnych i ponadgimnazjalnych. Film ma na celu przybli\u017cenie nastolatkom w nowy i oryginalny spos&oacute;b najwa\u017cniejszych wydarze\u0144 z historii Polski, maj\u0105cych miejsce na przestrzeni ponad dziesi\u0119ciu wiek&oacute;w.<\/p>\n<p>Formu\u0142a serialu &#8222;Kreskostoria&#8221; oparta b\u0119dzie na \u017cyciu zwyk\u0142ych ludzi i wpisana w historyczny kontekst wydarze\u0144. Jednocze\u015bnie, fabu\u0142a oparta jest na przeprowadzonej przez historyk&oacute;w analizie dziej&oacute;w Polski.<\/p>\n<p>&#8211; Najnowszy serial animowany &#8222;Kreskostoria&#8221; pokazuje, \u017ce nauka historii wcale nie musi by\u0107 nudna. Tworz\u0105c ten projekt postawili\u015bmy sobie za cel przygotowanie takiej animacji, kt&oacute;ra rzeczywi\u015bcie zainteresuje gimnazjalist&oacute;w i licealist&oacute;w. Obecno\u015b\u0107 Bartka K\u0119dzierskiego &#8211; re\u017cysera serialu &#8222;W\u0142atcy M&oacute;ch&#8221; &#8211; gwarantuje, \u017ce forma, w jakiej uj\u0119te zostan\u0105 najwa\u017cniejsze dla naszego kraju wydarzenia historyczne, dopasowana b\u0119dzie do stylu i j\u0119zyka, jakim pos\u0142uguje si\u0119 wsp&oacute;\u0142czesna, polska m\u0142odzie\u017c &#8211; m&oacute;wi Micha\u0142 Dusi\u0144ski, prezes zarz\u0105du Studia Xantus.<\/p>\n<p>G\u0142osu bohaterom u\u017cyczyli mi\u0119dzy innymi: Marek Kondrat, Borysz Szyc, Krzysztof Gr\u0119bski, Maciej Tomaszewski, Adam Cywka oraz inne osoby polskiego kina i teatru.<\/p>\n<p>Na prze\u0142omie wrze\u015bnia i pa\u017adziernika 2011 roku pierwszy odcinek serialu b\u0119dzie mo\u017cna zobaczy\u0107 w technologii stereoskopowej w kinach 5D Extreme, a nast\u0119pnie emitowany b\u0119dzie w telewizji. Xantus dosta\u0142 dotacj\u0119 PiSF na developing tego serialu.<\/p>\n","protected":false},"excerpt":{"rendered":"Xantus, studio 3D nale\u017c\u0105ce do Grupy ADV, realizuje w\u0142asny serial historyczny dla m\u0142odzie\u017cy &#8211; &#8222;Kreskostoria&#8221;.","protected":false},"author":1,"featured_media":14542,"comment_status":"open","ping_status":"closed","sticky":false,"template":"","format":"standard","meta":{"csco_display_header_overlay":false,"csco_singular_sidebar":"","csco_page_header_type":"","csco_page_load_nextpost":"","csco_post_video_location":[],"csco_post_video_location_hash":"","csco_post_video_url":"","csco_post_video_bg_start_time":0,"csco_post_video_bg_end_time":0,"footnotes":""},"categories":[9670],"tags":[],"class_list":{"0":"post-14541","1":"post","2":"type-post","3":"status-publish","4":"format-standard","5":"has-post-thumbnail","7":"category-tv","8":"cs-entry","9":"cs-video-wrap"},"_links":{"self":[{"href":"https:\/\/mediarun.com\/pl\/wp-json\/wp\/v2\/posts\/14541","targetHints":{"allow":["GET"]}}],"collection":[{"href":"https:\/\/mediarun.com\/pl\/wp-json\/wp\/v2\/posts"}],"about":[{"href":"https:\/\/mediarun.com\/pl\/wp-json\/wp\/v2\/types\/post"}],"author":[{"embeddable":true,"href":"https:\/\/mediarun.com\/pl\/wp-json\/wp\/v2\/users\/1"}],"replies":[{"embeddable":true,"href":"https:\/\/mediarun.com\/pl\/wp-json\/wp\/v2\/comments?post=14541"}],"version-history":[{"count":0,"href":"https:\/\/mediarun.com\/pl\/wp-json\/wp\/v2\/posts\/14541\/revisions"}],"wp:featuredmedia":[{"embeddable":true,"href":"https:\/\/mediarun.com\/pl\/wp-json\/wp\/v2\/media\/14542"}],"wp:attachment":[{"href":"https:\/\/mediarun.com\/pl\/wp-json\/wp\/v2\/media?parent=14541"}],"wp:term":[{"taxonomy":"category","embeddable":true,"href":"https:\/\/mediarun.com\/pl\/wp-json\/wp\/v2\/categories?post=14541"},{"taxonomy":"post_tag","embeddable":true,"href":"https:\/\/mediarun.com\/pl\/wp-json\/wp\/v2\/tags?post=14541"}],"curies":[{"name":"wp","href":"https:\/\/api.w.org\/{rel}","templated":true}]}}