{"id":14473,"date":"2011-07-14T21:06:12","date_gmt":"2011-07-14T19:06:12","guid":{"rendered":"https:\/\/mediarun.com\/index.php\/news-posts\/bilguun-z-u1-bator-wystapi-w-tancu-z-gwiazdami\/"},"modified":"2011-07-14T21:06:12","modified_gmt":"2011-07-14T19:06:12","slug":"bilguun-z-u1-bator-wystapi-w-tancu-z-gwiazdami","status":"publish","type":"post","link":"https:\/\/mediarun.com\/pl\/media\/tv\/bilguun-z-u1-bator-wystapi-w-tancu-z-gwiazdami.html","title":{"rendered":"Bilguun z U1 Bator wyst\u0105pi w &#8222;Ta\u0144cu z gwiazdami&#8221;"},"content":{"rendered":"<p>W tanecznym show wyst\u0105pi r&oacute;wnie\u017c Kacper Kuszewski &#8211; aktor na sta\u0142e zwi\u0105zany z serialem TVP2 &#8222;M jak Mi\u0142o\u015b\u0107&#8221;. Ponadto jesieni\u0105 na parkiecie zobaczymy Katarzyn\u0119 Pakosi\u0144sk\u0105, znan\u0105 przede wszystkim z &#8222;Kabaretu Moralnego Niepokoju&#8221;, Ann\u0119 Wendzikowsk\u0105 &#8211; dziennikark\u0119 &#8222;Dzie\u0144 Dobry TVN&#8221; i Stanis\u0142awa Karpiela &#8211; kuzyna Sebastiana z Zakopowera, znanego r&oacute;wnie\u017c z show &#8222;Wipeout &#8211; Wymiatacze&#8221;.<\/p>\n<p>Przypomnijmy, \u017ce 13. edycja programu b\u0119dzie mia\u0142a nowego re\u017cysera, kt&oacute;ry ma od\u015bwie\u017cy\u0107 formu\u0142\u0119 show. TVN dba, aby by\u0142o g\u0142o\u015bno wok&oacute;\u0142 programu, w zwi\u0105zku z tym nie ustaj\u0105 spekulacje, kto zasi\u0105dzie w jury, a kto poprowadzi show (<a href=\"http:\/\/wiadomosci.mediarun.pl\/artykul\/media-telewizja,skrzynecka-nie-poprowadzi-tanca-z-gwiazdami,10434,4,1,1.html\" target=\"_blank\" rel=\"noopener\">dowiedz si\u0119 wi\u0119cej<\/a>).<\/p>\n<p>Telewizja TVN nadaje &#8222;Taniec z gwiazdami&#8221; od wiosny 2005 r. Poprzedni\u0105, 12. edycj\u0119 show ogl\u0105da\u0142o \u015brednio w ci\u0105gu minuty 4,5 mln widz&oacute;w przy 28,03 proc. udzia\u0142u w rynku. 11. ods\u0142ona przyci\u0105gn\u0119\u0142a przed telewizory \u015brednio 4,3 mln widz&oacute;w, a 10. edycja &#8211; 4,9 mln widz&oacute;w.<\/p>\n<p>Do tej pory najlepiej ogl\u0105dana by\u0142a trzecia ods\u0142ona show, kt&oacute;ra zgromadzi\u0142a przed telewizorami \u015brednio 5,2 mln widz&oacute;w.<\/p>\n","protected":false},"excerpt":{"rendered":"W 13. edycji &#8222;Ta\u0144ca z gwiazdami&#8221; zobaczymy m.in. Bilguuna Ariunbataara znanego z programu Szymona Majewskiego.","protected":false},"author":1,"featured_media":14474,"comment_status":"open","ping_status":"closed","sticky":false,"template":"","format":"standard","meta":{"csco_display_header_overlay":false,"csco_singular_sidebar":"","csco_page_header_type":"","csco_page_load_nextpost":"","csco_post_video_location":[],"csco_post_video_location_hash":"","csco_post_video_url":"","csco_post_video_bg_start_time":0,"csco_post_video_bg_end_time":0,"footnotes":""},"categories":[9670],"tags":[1164,98],"class_list":{"0":"post-14473","1":"post","2":"type-post","3":"status-publish","4":"format-standard","5":"has-post-thumbnail","7":"category-tv","8":"tag-taniec-z-gwiazdami","9":"tag-tvn","10":"cs-entry","11":"cs-video-wrap"},"_links":{"self":[{"href":"https:\/\/mediarun.com\/pl\/wp-json\/wp\/v2\/posts\/14473","targetHints":{"allow":["GET"]}}],"collection":[{"href":"https:\/\/mediarun.com\/pl\/wp-json\/wp\/v2\/posts"}],"about":[{"href":"https:\/\/mediarun.com\/pl\/wp-json\/wp\/v2\/types\/post"}],"author":[{"embeddable":true,"href":"https:\/\/mediarun.com\/pl\/wp-json\/wp\/v2\/users\/1"}],"replies":[{"embeddable":true,"href":"https:\/\/mediarun.com\/pl\/wp-json\/wp\/v2\/comments?post=14473"}],"version-history":[{"count":0,"href":"https:\/\/mediarun.com\/pl\/wp-json\/wp\/v2\/posts\/14473\/revisions"}],"wp:featuredmedia":[{"embeddable":true,"href":"https:\/\/mediarun.com\/pl\/wp-json\/wp\/v2\/media\/14474"}],"wp:attachment":[{"href":"https:\/\/mediarun.com\/pl\/wp-json\/wp\/v2\/media?parent=14473"}],"wp:term":[{"taxonomy":"category","embeddable":true,"href":"https:\/\/mediarun.com\/pl\/wp-json\/wp\/v2\/categories?post=14473"},{"taxonomy":"post_tag","embeddable":true,"href":"https:\/\/mediarun.com\/pl\/wp-json\/wp\/v2\/tags?post=14473"}],"curies":[{"name":"wp","href":"https:\/\/api.w.org\/{rel}","templated":true}]}}