{"id":1442,"date":"2013-05-23T10:58:58","date_gmt":"2013-05-23T08:58:58","guid":{"rendered":"https:\/\/mediarun.com\/index.php\/news-posts\/gazeta-bankowa-wyloni-najlepsze-banki-2013\/"},"modified":"2013-05-23T10:58:58","modified_gmt":"2013-05-23T08:58:58","slug":"gazeta-bankowa-wyloni-najlepsze-banki-2013","status":"publish","type":"post","link":"https:\/\/mediarun.com\/pl\/marketing\/event\/gazeta-bankowa-wyloni-najlepsze-banki-2013.html","title":{"rendered":"Gazeta Bankowa wy\u0142oni najlepsze banki 2013"},"content":{"rendered":"<p>Gazeta Bankowa po raz 21. zorganizowa\u0142a konkurs Najlepszy Bank, w kt&oacute;rym wy\u0142oni\u0142a lider&oacute;w polskiej bankowo\u015bci. Konkurs zosta\u0142 stworzony we wsp&oacute;\u0142pracy z PwC, wiod\u0105c\u0105, globaln\u0105 organizacj\u0105 \u015bwiadcz\u0105c\u0105 profesjonalne us\u0142ugi doradcze oraz niezale\u017cn\u0105 kapitu\u0142\u0105 pod przewodnictwem prof. Ma\u0142gorzaty Zaleskiej, cz\u0142onka Zarz\u0105du Narodowego Banku Polskiego.<\/p>\n<p><strong>Instytucje bankowe zostan\u0105 nagrodzone w nast\u0119puj\u0105cych kategoriach:<\/strong><\/p>\n<p>&bull;\tBanki du\u017ce<br \/>&bull;\tBanki ma\u0142e i \u015brednie<br \/>&bull;\tBanki sp&oacute;\u0142dzielcze<\/p>\n<p>W ka\u017cdej z tych kategorii zostan\u0105 przyznane wyr&oacute;\u017cnienia za trzy wska\u017aniki:<\/p>\n<p>&bull;\tNajwy\u017csz\u0105 dynamik\u0119<br \/>&bull;\tNajlepsz\u0105 struktur\u0119 portfela<br \/>&bull;\tNajwy\u017csz\u0105 efektywno\u015b\u0107<\/p>\n<p>Podczas uroczysto\u015bci wy\u0142oniony zostanie r&oacute;wnie\u017c najlepszy w sektorze bankowym, czyli tytu\u0142 Bankowego Mened\u017cera Roku 2012. W ubieg\u0142ym roku statuetk\u0119 i tytu\u0142 Bankowego Mened\u017cera Roku 2011 otrzyma\u0142 Zbigniew Jagie\u0142\u0142o, prezes PKO Banku Polskiego.<\/p>\n<p>Wyniki obu konkurs&oacute;w zostan\u0105 og\u0142oszone podczas Gali Najlepszy Bank 2013 w Teatrze Sabat w Warszawie i tradycyjnie opublikowane w wydaniu wakacyjnym Gazety Bankowej. Gal\u0119 zaszczyc\u0105 swoj\u0105 obecno\u015bci\u0105 prezesi i cz\u0142onkowie zarz\u0105d&oacute;w bank&oacute;w oraz przedstawiciele najwa\u017cniejszych instytucji finansowych.<\/p>\n","protected":false},"excerpt":{"rendered":"Miesi\u0119cznik przyzna swoje coroczne nagordy na uroczystej gali, kt&oacute;ra odb\u0119dzie si\u0119 27 maja w Warszawie.","protected":false},"author":1,"featured_media":1443,"comment_status":"open","ping_status":"closed","sticky":false,"template":"","format":"standard","meta":{"csco_display_header_overlay":false,"csco_singular_sidebar":"","csco_page_header_type":"","csco_page_load_nextpost":"","csco_post_video_location":[],"csco_post_video_location_hash":"","csco_post_video_url":"","csco_post_video_bg_start_time":0,"csco_post_video_bg_end_time":0,"footnotes":""},"categories":[9651],"tags":[277],"class_list":{"0":"post-1442","1":"post","2":"type-post","3":"status-publish","4":"format-standard","5":"has-post-thumbnail","7":"category-event","8":"tag-gazeta-bankowa","9":"cs-entry","10":"cs-video-wrap"},"_links":{"self":[{"href":"https:\/\/mediarun.com\/pl\/wp-json\/wp\/v2\/posts\/1442","targetHints":{"allow":["GET"]}}],"collection":[{"href":"https:\/\/mediarun.com\/pl\/wp-json\/wp\/v2\/posts"}],"about":[{"href":"https:\/\/mediarun.com\/pl\/wp-json\/wp\/v2\/types\/post"}],"author":[{"embeddable":true,"href":"https:\/\/mediarun.com\/pl\/wp-json\/wp\/v2\/users\/1"}],"replies":[{"embeddable":true,"href":"https:\/\/mediarun.com\/pl\/wp-json\/wp\/v2\/comments?post=1442"}],"version-history":[{"count":0,"href":"https:\/\/mediarun.com\/pl\/wp-json\/wp\/v2\/posts\/1442\/revisions"}],"wp:featuredmedia":[{"embeddable":true,"href":"https:\/\/mediarun.com\/pl\/wp-json\/wp\/v2\/media\/1443"}],"wp:attachment":[{"href":"https:\/\/mediarun.com\/pl\/wp-json\/wp\/v2\/media?parent=1442"}],"wp:term":[{"taxonomy":"category","embeddable":true,"href":"https:\/\/mediarun.com\/pl\/wp-json\/wp\/v2\/categories?post=1442"},{"taxonomy":"post_tag","embeddable":true,"href":"https:\/\/mediarun.com\/pl\/wp-json\/wp\/v2\/tags?post=1442"}],"curies":[{"name":"wp","href":"https:\/\/api.w.org\/{rel}","templated":true}]}}