{"id":14407,"date":"2011-07-18T14:27:56","date_gmt":"2011-07-18T12:27:56","guid":{"rendered":"https:\/\/mediarun.com\/index.php\/news-posts\/powstaje-nowy-sezon-swiata-wedlug-kiepskich\/"},"modified":"2011-07-18T14:27:56","modified_gmt":"2011-07-18T12:27:56","slug":"powstaje-nowy-sezon-swiata-wedlug-kiepskich","status":"publish","type":"post","link":"https:\/\/mediarun.com\/pl\/media\/tv\/powstaje-nowy-sezon-swiata-wedlug-kiepskich.html","title":{"rendered":"Powstaje nowy sezon &#8222;\u015awiata wed\u0142ug Kiepskich&#8221;"},"content":{"rendered":"<p>W najnowszej serii wyst\u0105pi\u0105 m.in. Karwowski i Maliniak znani z &#8222;Czterdziestolatka&#8221;. Pierwszy in\u017cynier Polskiej Rzeczpospolitej Ludowej, grany przez Andrzeja Kopiczy\u0144skiego wraz z Romanem Maliniakiem &#8211; w tej roli Roman K\u0142osowski, wyst\u0105pi\u0105 w odcinku, kt&oacute;ry b\u0119dzie nawi\u0105zywa\u0142 do jednego z najwa\u017cniejszych obecnie problem&oacute;w w kraju, czyli budowy autostrady A2.<\/p>\n<p>Odwo\u0142a\u0144 do polskiej rzeczywisto\u015bci i wa\u017cnych spo\u0142ecznie temat&oacute;w w nowej serii &#8222;\u015awiata wed\u0142ug Kiepskich&#8221; b\u0119dzie wi\u0119cej. Halina (Marzena Sztuka) pojedzie na strajk piel\u0119gniarek do Warszawy i zapisze si\u0119 do partii. Ferdek (Andrzej Grabowski) wraz z Pa\u017adziochem (Ryszard Kotys) odkryj\u0105 gaz \u0142upkowy. Ponadto widzowie nadal b\u0119d\u0105 mogli \u015bledzi\u0107 jak uk\u0142ada si\u0119 ma\u0142\u017ce\u0144stwo Waldka (Bartosz \u017bukowski) i Jolasi (Anna Ilczuk).<\/p>\n<p>W nowych odcinkach nie zabraknie te\u017c epizod&oacute;w z udzia\u0142em Boczka (Dariusz Gnatowski) i listonosza (Bohdan Smole\u0144). Go\u015bcinnie zagraj\u0105 r&oacute;wnie\u017c: Zofia Czerwi\u0144ska, Krzysztof Dracz, Jerzy Cnota, Jan Jankowski, Katarzyna Galica.<\/p>\n<p>Zdj\u0119cia do jesiennych odcink&oacute;w b\u0119d\u0105 realizowane przez najbli\u017csze dwa tygodnie, w studiach ATM Grupy w Bielanach Wroc\u0142awskich.<\/p>\n","protected":false},"excerpt":{"rendered":"Ruszy\u0142y zdj\u0119cia do nowych odcink&oacute;w serialu &#8222;\u015awiat wed\u0142ug Kiepskich&#8221;, kt&oacute;re Polsat poka\u017ce jesieni\u0105.","protected":false},"author":1,"featured_media":14408,"comment_status":"open","ping_status":"closed","sticky":false,"template":"","format":"standard","meta":{"csco_display_header_overlay":false,"csco_singular_sidebar":"","csco_page_header_type":"","csco_page_load_nextpost":"","csco_post_video_location":[],"csco_post_video_location_hash":"","csco_post_video_url":"","csco_post_video_bg_start_time":0,"csco_post_video_bg_end_time":0,"footnotes":""},"categories":[9670],"tags":[331,97],"class_list":{"0":"post-14407","1":"post","2":"type-post","3":"status-publish","4":"format-standard","5":"has-post-thumbnail","7":"category-tv","8":"tag-atm-grupa","9":"tag-polsat","10":"cs-entry","11":"cs-video-wrap"},"_links":{"self":[{"href":"https:\/\/mediarun.com\/pl\/wp-json\/wp\/v2\/posts\/14407","targetHints":{"allow":["GET"]}}],"collection":[{"href":"https:\/\/mediarun.com\/pl\/wp-json\/wp\/v2\/posts"}],"about":[{"href":"https:\/\/mediarun.com\/pl\/wp-json\/wp\/v2\/types\/post"}],"author":[{"embeddable":true,"href":"https:\/\/mediarun.com\/pl\/wp-json\/wp\/v2\/users\/1"}],"replies":[{"embeddable":true,"href":"https:\/\/mediarun.com\/pl\/wp-json\/wp\/v2\/comments?post=14407"}],"version-history":[{"count":0,"href":"https:\/\/mediarun.com\/pl\/wp-json\/wp\/v2\/posts\/14407\/revisions"}],"wp:featuredmedia":[{"embeddable":true,"href":"https:\/\/mediarun.com\/pl\/wp-json\/wp\/v2\/media\/14408"}],"wp:attachment":[{"href":"https:\/\/mediarun.com\/pl\/wp-json\/wp\/v2\/media?parent=14407"}],"wp:term":[{"taxonomy":"category","embeddable":true,"href":"https:\/\/mediarun.com\/pl\/wp-json\/wp\/v2\/categories?post=14407"},{"taxonomy":"post_tag","embeddable":true,"href":"https:\/\/mediarun.com\/pl\/wp-json\/wp\/v2\/tags?post=14407"}],"curies":[{"name":"wp","href":"https:\/\/api.w.org\/{rel}","templated":true}]}}