{"id":14401,"date":"2011-07-18T15:25:39","date_gmt":"2011-07-18T13:25:39","guid":{"rendered":"https:\/\/mediarun.com\/index.php\/news-posts\/jolanta-fraszynska-w-jury-tanca-z-gwiazdami\/"},"modified":"2011-07-18T15:25:39","modified_gmt":"2011-07-18T13:25:39","slug":"jolanta-fraszynska-w-jury-tanca-z-gwiazdami","status":"publish","type":"post","link":"https:\/\/mediarun.com\/pl\/media\/tv\/jolanta-fraszynska-w-jury-tanca-z-gwiazdami.html","title":{"rendered":"Jolanta Fraszy\u0144ska w jury &#8222;Ta\u0144ca z Gwiazdami&#8221;"},"content":{"rendered":"<p>Przypomnijmy, \u017ce w najnowszej edycji show w roli jurora zobaczymy tak\u017ce Janusza J&oacute;zefowicza (zamiast Zbigniewa Wodeckiego). Natomiast Natasza Urba\u0144ska zadebiutuje w roli prowadz\u0105cej (zast\u0105pi Katarzyn\u0119 Skrzyneck\u0105).<\/p>\n<p>Do tej pory TVN potwierdzi\u0142 nazwiska sze\u015bciu os&oacute;b, kt&oacute;re zata\u0144cz\u0105 w &#8222;Ta\u0144cu z Gwaiazdami&#8221;, s\u0105 to: Jagna Marczu\u0142ajtis, Kacper Kuszewski, Billguun Ariunbataar, Katarzyna Pakosi\u0144ska, Anna Wendzikowska i Stanis\u0142aw Karpiel.<\/p>\n<p><strong>+ <a href=\"http:\/\/wiadomosci.mediarun.pl\/artykul\/media-telewizja,taniec-z-gwiazdami-urbanska-prowadzaca-jozefowicz-w-jury,10527,4,1,1.html\" target=\"_blank\" rel=\"noopener\">&#8222;Taniec z Gwiazdami&#8221;: Urba\u0144ska prowadz\u0105c\u0105, J&oacute;zefowicz w jury<\/a><br \/>+ <a href=\"http:\/\/wiadomosci.mediarun.pl\/artykul\/media-telewizja,tyszkiewicz-i-wodecki-zegnaja-sie-z-tancem-z-gwiazdami,10522,4,1,1.html\" target=\"_blank\" rel=\"noopener\">Tyszkiewicz i Wodecki \u017cegnaj\u0105 si\u0119 z &#8222;Ta\u0144cem z Gwiazdami&#8221;<\/a><br \/>+ <a href=\"http:\/\/wiadomosci.mediarun.pl\/artykul\/media-telewizja,bilguun-z-u1-bator-wystapi-w-tancu-z-gwiazdami,10518,4,1,1.html\" target=\"_blank\" rel=\"noopener\">Bilguun z U1 Bator wyst\u0105pi w &#8222;Ta\u0144cu z gwiazdami&#8221;<\/a><\/strong><\/p>\n","protected":false},"excerpt":{"rendered":"W jury 13. edycji &#8222;Ta\u0144ca z Gwiazdami&#8221; zasi\u0105dzie Jolanta Fraszy\u0144ska, kt&oacute;ra zast\u0105pi Beat\u0119 Tyszkiewicz.","protected":false},"author":1,"featured_media":14402,"comment_status":"open","ping_status":"closed","sticky":false,"template":"","format":"standard","meta":{"csco_display_header_overlay":false,"csco_singular_sidebar":"","csco_page_header_type":"","csco_page_load_nextpost":"","csco_post_video_location":[],"csco_post_video_location_hash":"","csco_post_video_url":"","csco_post_video_bg_start_time":0,"csco_post_video_bg_end_time":0,"footnotes":""},"categories":[9670],"tags":[1164,98],"class_list":{"0":"post-14401","1":"post","2":"type-post","3":"status-publish","4":"format-standard","5":"has-post-thumbnail","7":"category-tv","8":"tag-taniec-z-gwiazdami","9":"tag-tvn","10":"cs-entry","11":"cs-video-wrap"},"_links":{"self":[{"href":"https:\/\/mediarun.com\/pl\/wp-json\/wp\/v2\/posts\/14401","targetHints":{"allow":["GET"]}}],"collection":[{"href":"https:\/\/mediarun.com\/pl\/wp-json\/wp\/v2\/posts"}],"about":[{"href":"https:\/\/mediarun.com\/pl\/wp-json\/wp\/v2\/types\/post"}],"author":[{"embeddable":true,"href":"https:\/\/mediarun.com\/pl\/wp-json\/wp\/v2\/users\/1"}],"replies":[{"embeddable":true,"href":"https:\/\/mediarun.com\/pl\/wp-json\/wp\/v2\/comments?post=14401"}],"version-history":[{"count":0,"href":"https:\/\/mediarun.com\/pl\/wp-json\/wp\/v2\/posts\/14401\/revisions"}],"wp:featuredmedia":[{"embeddable":true,"href":"https:\/\/mediarun.com\/pl\/wp-json\/wp\/v2\/media\/14402"}],"wp:attachment":[{"href":"https:\/\/mediarun.com\/pl\/wp-json\/wp\/v2\/media?parent=14401"}],"wp:term":[{"taxonomy":"category","embeddable":true,"href":"https:\/\/mediarun.com\/pl\/wp-json\/wp\/v2\/categories?post=14401"},{"taxonomy":"post_tag","embeddable":true,"href":"https:\/\/mediarun.com\/pl\/wp-json\/wp\/v2\/tags?post=14401"}],"curies":[{"name":"wp","href":"https:\/\/api.w.org\/{rel}","templated":true}]}}