{"id":1440,"date":"2013-05-23T11:19:23","date_gmt":"2013-05-23T09:19:23","guid":{"rendered":"https:\/\/mediarun.com\/index.php\/news-posts\/trzy-nowe-osoby-w-get-more-social\/"},"modified":"2015-03-17T10:26:31","modified_gmt":"2015-03-17T10:26:31","slug":"trzy-nowe-osoby-w-get-more-social","status":"publish","type":"post","link":"https:\/\/mediarun.com\/pl\/ludzie\/kariera\/trzy-nowe-osoby-w-get-more-social.html","title":{"rendered":"Trzy nowe osoby w Get More Social"},"content":{"rendered":"<p>Do zespo\u0142u do\u0142\u0105czy\u0142a Taida Zaradna, kt&oacute;ra obejmie stanowisko community managera, natomiast Zofia Wojtala i Levon Yemenjyan  to nowi junior community specialists.<\/p>\n<p>Taida Zaradna b\u0119dzie wspiera\u0107 projekty spo\u0142eczno\u015bciowe dla MTV Mobile oraz marek z bran\u017cy fashion i design. Taida pracowa\u0142a wcze\u015bniej dla agencji P\u0142odni.com oraz Tequila Polska, gdzie odpowiada\u0142a za planowanie strategii komunikacji poszczeg&oacute;lnych marek w social media. Koordynowa\u0142a r&oacute;wnie\u017c dzia\u0142ania dla klient&oacute;w m. in. z bran\u017cy FMCG, telekomunikacyjnej oraz komputerowej.<\/p>\n<p>W ostatnim miesi\u0105cu do zespo\u0142u agencji do\u0142\u0105czyli tak\u017ce Zofia Wojtala oraz Levon Yemenjyan. Oboje obj\u0119li stanowiska junior community specialist, specjalizuj\u0105c si\u0119 w projektach dla klient&oacute;w z bran\u017c: spo\u017cywczej, turystycznej, finansowej oraz edukacyjnej.<\/p>\n<p><img fetchpriority=\"high\" decoding=\"async\" src=\"http:\/\/mediarun.pl\/pliki\/zdjecia\/newsy\/levon_gms1.jpg\" alt=\"\" width=\"450\" height=\"458\" title=\"\"><\/p>\n<p><img decoding=\"async\" src=\"http:\/\/mediarun.pl\/pliki\/zdjecia\/newsy\/taida_gms1.jpg\" alt=\"\" width=\"450\" height=\"443\" title=\"\"><\/p>\n<p><img decoding=\"async\" src=\"http:\/\/mediarun.pl\/pliki\/zdjecia\/newsy\/zofia_gms1.jpg\" alt=\"\" width=\"450\" height=\"587\" title=\"\"><\/p>\n","protected":false},"excerpt":{"rendered":"Agencja specjalizuj\u0105ca si\u0119 w komunikacji w social media wzmacnia swoje szeregi.&nbsp;","protected":false},"author":1,"featured_media":1441,"comment_status":"open","ping_status":"closed","sticky":false,"template":"","format":"standard","meta":{"csco_display_header_overlay":false,"csco_singular_sidebar":"","csco_page_header_type":"","csco_page_load_nextpost":"","csco_post_video_location":[],"csco_post_video_location_hash":"","csco_post_video_url":"","csco_post_video_bg_start_time":0,"csco_post_video_bg_end_time":0,"footnotes":""},"categories":[5909],"tags":[],"class_list":{"0":"post-1440","1":"post","2":"type-post","3":"status-publish","4":"format-standard","5":"has-post-thumbnail","7":"category-kariera","8":"cs-entry","9":"cs-video-wrap"},"_links":{"self":[{"href":"https:\/\/mediarun.com\/pl\/wp-json\/wp\/v2\/posts\/1440","targetHints":{"allow":["GET"]}}],"collection":[{"href":"https:\/\/mediarun.com\/pl\/wp-json\/wp\/v2\/posts"}],"about":[{"href":"https:\/\/mediarun.com\/pl\/wp-json\/wp\/v2\/types\/post"}],"author":[{"embeddable":true,"href":"https:\/\/mediarun.com\/pl\/wp-json\/wp\/v2\/users\/1"}],"replies":[{"embeddable":true,"href":"https:\/\/mediarun.com\/pl\/wp-json\/wp\/v2\/comments?post=1440"}],"version-history":[{"count":0,"href":"https:\/\/mediarun.com\/pl\/wp-json\/wp\/v2\/posts\/1440\/revisions"}],"wp:featuredmedia":[{"embeddable":true,"href":"https:\/\/mediarun.com\/pl\/wp-json\/wp\/v2\/media\/1441"}],"wp:attachment":[{"href":"https:\/\/mediarun.com\/pl\/wp-json\/wp\/v2\/media?parent=1440"}],"wp:term":[{"taxonomy":"category","embeddable":true,"href":"https:\/\/mediarun.com\/pl\/wp-json\/wp\/v2\/categories?post=1440"},{"taxonomy":"post_tag","embeddable":true,"href":"https:\/\/mediarun.com\/pl\/wp-json\/wp\/v2\/tags?post=1440"}],"curies":[{"name":"wp","href":"https:\/\/api.w.org\/{rel}","templated":true}]}}