{"id":143563,"date":"2014-12-19T16:50:07","date_gmt":"2014-12-19T16:50:07","guid":{"rendered":"https:\/\/mediarun.com\/pl\/?post_type=news&#038;p=143563"},"modified":"2015-01-16T10:07:48","modified_gmt":"2015-01-16T10:07:48","slug":"black-friday-rekordy-sprzedazy","status":"publish","type":"post","link":"https:\/\/mediarun.com\/pl\/trendy\/inspiracje\/black-friday-rekordy-sprzedazy.html","title":{"rendered":"Black Friday \u2013 rekordy sprzeda\u017cy"},"content":{"rendered":"<p>W ka\u017cdym tygodniu listopada Brytyjczycy przeznaczali na zakupy \u015brednio 7,9 mld funt\u00f3w, o 6,4 proc. wi\u0119cej ni\u017c przed rokiem. Zdaniem zar\u00f3wno ONS, jak i ekspert\u00f3w, motorem nap\u0119dowym zakup\u00f3w<br \/>\nw listopadzie by\u0142 jednak g\u0142\u00f3wnie tzw. czarny pi\u0105tek, czyli tradycja przed\u015bwi\u0105tecznych obni\u017cek cen, kt\u00f3ra do Wielkiej Brytanii przyw\u0119drowa\u0142a zza oceanu.<\/p>\n<p>Najwi\u0119kszy wzrost sprzeda\u017cy zanotowano w sektorze towar\u00f3w elektrycznych i by\u0142 to najlepszy wynik, od kiedy ONS bada wielko\u015b\u0107 sprzeda\u017cy. O 15 proc. lepsze by\u0142y r\u00f3wnie\u017c wyniki zakup\u00f3w w domach towarowych.<\/p>\n<p>Opr\u00f3cz zakup\u00f3w tradycyjnych znacz\u0105cy wzrost zanotowano tak\u017ce w handlu internetowym<br \/>\n\u2013 o 12,9 proc. W internecie Brytyjczycy wydawali \u015brednio 3 mld funt\u00f3w tygodniowo.<\/p>\n<p>Eksperci zwracaj\u0105 jednak uwag\u0119 na jeden istotny fakt. \u201eZ pe\u0142nymi analizami warto jeszcze zaczeka\u0107 a\u017c poznamy dane o sprzeda\u017cy w grudniu. Liczymy si\u0119 bowiem z tym, \u017ce rekordowe zakupy w listopadzie sprawi\u0105, \u017ce mniej wydawa\u0107 b\u0119dziemy w pierwszych tygodniach grudnia\u201d &#8211; m\u00f3wi\u0142a na antenie BBC News Natalie Berg z Planet Retail, firmy badaj\u0105cej sektor handlu detalicznego.<\/p>\n<p>\u0179r\u00f3d\u0142o: Onet Biznes<\/p>\n","protected":false},"excerpt":{"rendered":"To najwi\u0119kszy wzrost wydatk\u00f3w w skali roku od ponad dekady m\u00f3wi\u0105 eksperci. Za tym wzrostem sprzeda\u017cy stoi spadek \u015brednich cen detalicznych, na kt\u00f3ry wp\u0142yn\u0119\u0142y m.in. ni\u017csze ceny paliw.","protected":false},"author":6,"featured_media":143564,"comment_status":"open","ping_status":"closed","sticky":false,"template":"","format":"standard","meta":{"csco_display_header_overlay":false,"csco_singular_sidebar":"","csco_page_header_type":"","csco_page_load_nextpost":"","csco_post_video_location":[],"csco_post_video_location_hash":"","csco_post_video_url":"","csco_post_video_bg_start_time":0,"csco_post_video_bg_end_time":0,"footnotes":""},"categories":[1],"tags":[],"class_list":{"0":"post-143563","1":"post","2":"type-post","3":"status-publish","4":"format-standard","5":"has-post-thumbnail","7":"category-inspiracje","8":"cs-entry","9":"cs-video-wrap"},"_links":{"self":[{"href":"https:\/\/mediarun.com\/pl\/wp-json\/wp\/v2\/posts\/143563","targetHints":{"allow":["GET"]}}],"collection":[{"href":"https:\/\/mediarun.com\/pl\/wp-json\/wp\/v2\/posts"}],"about":[{"href":"https:\/\/mediarun.com\/pl\/wp-json\/wp\/v2\/types\/post"}],"author":[{"embeddable":true,"href":"https:\/\/mediarun.com\/pl\/wp-json\/wp\/v2\/users\/6"}],"replies":[{"embeddable":true,"href":"https:\/\/mediarun.com\/pl\/wp-json\/wp\/v2\/comments?post=143563"}],"version-history":[{"count":0,"href":"https:\/\/mediarun.com\/pl\/wp-json\/wp\/v2\/posts\/143563\/revisions"}],"wp:featuredmedia":[{"embeddable":true,"href":"https:\/\/mediarun.com\/pl\/wp-json\/wp\/v2\/media\/143564"}],"wp:attachment":[{"href":"https:\/\/mediarun.com\/pl\/wp-json\/wp\/v2\/media?parent=143563"}],"wp:term":[{"taxonomy":"category","embeddable":true,"href":"https:\/\/mediarun.com\/pl\/wp-json\/wp\/v2\/categories?post=143563"},{"taxonomy":"post_tag","embeddable":true,"href":"https:\/\/mediarun.com\/pl\/wp-json\/wp\/v2\/tags?post=143563"}],"curies":[{"name":"wp","href":"https:\/\/api.w.org\/{rel}","templated":true}]}}