{"id":143453,"date":"2014-12-18T11:00:54","date_gmt":"2014-12-18T11:00:54","guid":{"rendered":"https:\/\/mediarun.com\/pl\/?post_type=news&#038;p=143453"},"modified":"2015-01-16T10:09:10","modified_gmt":"2015-01-16T10:09:10","slug":"balkany-importuja-z-polski","status":"publish","type":"post","link":"https:\/\/mediarun.com\/pl\/trendy\/badania\/balkany-importuja-z-polski.html","title":{"rendered":"Ba\u0142kany importuj\u0105 z Polski"},"content":{"rendered":"<p>W pierwszej po\u0142owie tego roku w por\u00f3wnaniu z analogicznym okresem w ubieg\u0142ym, eksport wzr\u00f3s\u0142\u00a0o 21 proc. w przypadku Serbii, o 44,3 proc. do Kosowa i a\u017c 3,5-krotnie do Czarnog\u00f3ry.<\/p>\n<p>Pa\u0144stwa ba\u0142ka\u0144skie okazuj\u0105 si\u0119 by\u0107 \u015bwietn\u0105 alternatywa dla coraz cia\u015bniejszego rynku Europy Zachodniej. Przysz\u0142y rok mo\u017ce przynie\u015b\u0107 jeszcze wi\u0119ksze zwy\u017cki, dzi\u0119ki programowi Ministerstwa Gospodarki, kt\u00f3ry ma aktywizowa\u0107 eksporter\u00f3w na wybranych rynkach. W\u015br\u00f3d 11 pa\u0144stw wytypowanych przez resort s\u0105: Bo\u015bnia i Hercegowina, Chorwacja, Macedonia i Serbia.<\/p>\n<p>\u017ar\u00f3d\u0142o: Onet Biznes<\/p>\n","protected":false},"excerpt":{"rendered":"Polskie firmy zaczynaj\u0105 docenia\u0107 ba\u0142ka\u0144ski rynek. W ostatnim roku, nasz eksport do wi\u0119kszo\u015bci tych kraj\u00f3w znacznie wzr\u00f3s\u0142.","protected":false},"author":6,"featured_media":143454,"comment_status":"open","ping_status":"closed","sticky":false,"template":"","format":"standard","meta":{"csco_display_header_overlay":false,"csco_singular_sidebar":"","csco_page_header_type":"","csco_page_load_nextpost":"","csco_post_video_location":[],"csco_post_video_location_hash":"","csco_post_video_url":"","csco_post_video_bg_start_time":0,"csco_post_video_bg_end_time":0,"footnotes":""},"categories":[9662],"tags":[3166,4761,4760],"class_list":{"0":"post-143453","1":"post","2":"type-post","3":"status-publish","4":"format-standard","5":"has-post-thumbnail","7":"category-badania","8":"tag-badania-2","9":"tag-import","10":"tag-ministerstwo-gospodarki","11":"cs-entry","12":"cs-video-wrap"},"_links":{"self":[{"href":"https:\/\/mediarun.com\/pl\/wp-json\/wp\/v2\/posts\/143453","targetHints":{"allow":["GET"]}}],"collection":[{"href":"https:\/\/mediarun.com\/pl\/wp-json\/wp\/v2\/posts"}],"about":[{"href":"https:\/\/mediarun.com\/pl\/wp-json\/wp\/v2\/types\/post"}],"author":[{"embeddable":true,"href":"https:\/\/mediarun.com\/pl\/wp-json\/wp\/v2\/users\/6"}],"replies":[{"embeddable":true,"href":"https:\/\/mediarun.com\/pl\/wp-json\/wp\/v2\/comments?post=143453"}],"version-history":[{"count":0,"href":"https:\/\/mediarun.com\/pl\/wp-json\/wp\/v2\/posts\/143453\/revisions"}],"wp:featuredmedia":[{"embeddable":true,"href":"https:\/\/mediarun.com\/pl\/wp-json\/wp\/v2\/media\/143454"}],"wp:attachment":[{"href":"https:\/\/mediarun.com\/pl\/wp-json\/wp\/v2\/media?parent=143453"}],"wp:term":[{"taxonomy":"category","embeddable":true,"href":"https:\/\/mediarun.com\/pl\/wp-json\/wp\/v2\/categories?post=143453"},{"taxonomy":"post_tag","embeddable":true,"href":"https:\/\/mediarun.com\/pl\/wp-json\/wp\/v2\/tags?post=143453"}],"curies":[{"name":"wp","href":"https:\/\/api.w.org\/{rel}","templated":true}]}}