{"id":143378,"date":"2014-12-18T13:45:44","date_gmt":"2014-12-18T13:45:44","guid":{"rendered":"https:\/\/mediarun.com\/pl\/?post_type=news&#038;p=143378"},"modified":"2015-01-16T10:09:39","modified_gmt":"2015-01-16T10:09:39","slug":"polacy-postanowili-sami-zatroszczyc-sie-o-wlasne-emerytury","status":"publish","type":"post","link":"https:\/\/mediarun.com\/pl\/trendy\/inspiracje\/polacy-postanowili-sami-zatroszczyc-sie-o-wlasne-emerytury.html","title":{"rendered":"Polacy postanowili sami zatroszczy\u0107 si\u0119 o w\u0142asne emerytury"},"content":{"rendered":"<p>Z ba\u00adda\u00adnia Deut\u00adsche Bank na temat pla\u00adn\u00f3w fi\u00adnan\u00adso\u00adwych Po\u00adla\u00adk\u00f3w na 2015 rok wy\u00adni\u00adka, \u017ce z roku na rok coraz wi\u0119\u00adcej Po\u00adla\u00adk\u00f3w jest \u015bwia\u00addo\u00adma, \u017ce nie warto trzy\u00adma\u0107 pie\u00adni\u0119\u00addzy w skar\u00adpe\u00adcie. W przy\u00adsz\u0142ym roku zn\u00f3w naj\u00adbar\u00addziej po\u00adpu\u00adlar\u00adne b\u0119d\u0105 lo\u00adka\u00adty ter\u00admi\u00adno\u00adwe.<\/p>\n<p>Rynek ocze\u00adku\u00adje dal\u00adszych ob\u00adni\u00ad\u017cek st\u00f3p pro\u00adcen\u00adto\u00adwych, jednak a\u017c 20 proc. ba\u00adda\u00adnych przez Deut\u00adsche Bank pla\u00adnu\u00adje w 2015 roku tak\u0105 lo\u00adka\u00adt\u0119 za\u00ad\u0142o\u00ad\u017cy\u0107. Dla po\u00adr\u00f3w\u00adna\u00adnia rok wcze\u00ad\u015bniej takie plany mia\u0142o je\u00addy\u00adnie 15 proc. ba\u00adda\u00adnych.Gwa\u0142\u00adtow\u00adnie wzr\u00f3s\u0142 r\u00f3wnie\u017c od\u00adse\u00adtek os\u00f3b, kt\u00f3re pla\u00adnu\u00adj\u0105 sa\u00admo\u00addziel\u00adnie oszcz\u0119\u00addza\u0107 na eme\u00adry\u00adtu\u00adr\u0119.<\/p>\n<p>Dzi\u015b takie de\u00adkla\u00adra\u00adcje sk\u0142a\u00adda a\u017c 15,6 proc. ba\u00adda\u00adnych, pod\u00adczas gdy rok temu tylko 7,9 proc. ba\u00adda\u00adnych mia\u0142o takie plany. Warto jed\u00adnak za\u00aduwa\u00ad\u017cy\u0107, \u017ce 2 lata temu takie de\u00adkla\u00adra\u00adcje sk\u0142a\u00adda\u00ad\u0142o 20 proc.<br \/>\nre\u00adspon\u00adden\u00adt\u00f3w. To po\u00adka\u00adzu\u00adje, \u017ce za\u00adczy\u00adna\u00admy od\u00adbu\u00addo\u00adwy\u00adwa\u0107 swoje eme\u00adry\u00adtal\u00adne plany po za\u00admie\u00adsza\u00adniu, jakie wy\u00adwo\u00ad\u0142a\u00ad\u0142a de\u00adba\u00adta pu\u00adblicz\u00adna, jaka prze\u00adto\u00adczy\u00ad\u0142a si\u0119 przez media w pierw\u00adszej po\u00ad\u0142o\u00adwie roku wok\u00f3\u0142 OFE.<\/p>\n<p>&#8211; Po\u00adla\u00adcy przej\u00adrze\u00adli na oczy. O ile w gru\u00adpie wie\u00adko\u00adwej 50+ lu\u00addzie za\u00adak\u00adcep\u00adto\u00adwa\u00adli ju\u017c to, \u017ce na eme\u00adry\u00adtu\u00adrze ich stan\u00addard \u017cycia musi si\u0119 po\u00adgor\u00adszy\u0107, o tyle m\u0142o\u00addzi nie chc\u0105 si\u0119 z tym po\u00adgo\u00addzi\u0107 i wie\u00addz\u0105, \u017ce musz\u0105 sami za\u00addba\u0107 o swoj\u0105 przy\u00adsz\u0142o\u015b\u0107 \u2013 ko\u00admen\u00adtu\u00adje prof. dr hab. Ma\u0142\u00adgo\u00adrza\u00adta Bom\u00adbol z In\u00adsty\u00adtu\u00adtu Ban\u00adko\u00adwo\u00ad\u015bci Szko\u00ad\u0142y G\u0142\u00f3w\u00adnej Han\u00addlo\u00adwej w War\u00adsza\u00adwie.<\/p>\n<p>\u0179r\u00f3\u0142o: Onet Biznes<\/p>\n","protected":false},"excerpt":{"rendered":"Przez ostatni rok znacznie wzr\u00f3s\u0142 procent Polak\u00f3w, kt\u00f3rzy planuj\u0105 swoj\u0105 finansow\u0105 przysz\u0142o\u015b\u0107. Wi\u0119kszo\u015b\u0107 z nich wci\u0105\u017c wybiera tradycyjne lokaty bankowe, ale podwoi\u0142a si\u0119 te\u017c liczba os\u00f3b, kt\u00f3re chc\u0105 oszcz\u0119dza\u0107 samodzielnie.","protected":false},"author":6,"featured_media":143470,"comment_status":"open","ping_status":"closed","sticky":false,"template":"","format":"standard","meta":{"csco_display_header_overlay":false,"csco_singular_sidebar":"","csco_page_header_type":"","csco_page_load_nextpost":"","csco_post_video_location":[],"csco_post_video_location_hash":"","csco_post_video_url":"","csco_post_video_bg_start_time":0,"csco_post_video_bg_end_time":0,"footnotes":""},"categories":[1],"tags":[4748,4612,3517,4749,4613,4098],"class_list":{"0":"post-143378","1":"post","2":"type-post","3":"status-publish","4":"format-standard","5":"has-post-thumbnail","7":"category-inspiracje","8":"tag-deutsche-bank","9":"tag-emerytury","10":"tag-inwestycje","11":"tag-ofe","12":"tag-oszczedzanie","13":"tag-zus","14":"cs-entry","15":"cs-video-wrap"},"_links":{"self":[{"href":"https:\/\/mediarun.com\/pl\/wp-json\/wp\/v2\/posts\/143378","targetHints":{"allow":["GET"]}}],"collection":[{"href":"https:\/\/mediarun.com\/pl\/wp-json\/wp\/v2\/posts"}],"about":[{"href":"https:\/\/mediarun.com\/pl\/wp-json\/wp\/v2\/types\/post"}],"author":[{"embeddable":true,"href":"https:\/\/mediarun.com\/pl\/wp-json\/wp\/v2\/users\/6"}],"replies":[{"embeddable":true,"href":"https:\/\/mediarun.com\/pl\/wp-json\/wp\/v2\/comments?post=143378"}],"version-history":[{"count":0,"href":"https:\/\/mediarun.com\/pl\/wp-json\/wp\/v2\/posts\/143378\/revisions"}],"wp:featuredmedia":[{"embeddable":true,"href":"https:\/\/mediarun.com\/pl\/wp-json\/wp\/v2\/media\/143470"}],"wp:attachment":[{"href":"https:\/\/mediarun.com\/pl\/wp-json\/wp\/v2\/media?parent=143378"}],"wp:term":[{"taxonomy":"category","embeddable":true,"href":"https:\/\/mediarun.com\/pl\/wp-json\/wp\/v2\/categories?post=143378"},{"taxonomy":"post_tag","embeddable":true,"href":"https:\/\/mediarun.com\/pl\/wp-json\/wp\/v2\/tags?post=143378"}],"curies":[{"name":"wp","href":"https:\/\/api.w.org\/{rel}","templated":true}]}}