{"id":143290,"date":"2014-12-15T11:15:06","date_gmt":"2014-12-15T10:15:06","guid":{"rendered":"https:\/\/mediarun.com\/pl\/?post_type=news&#038;p=143290"},"modified":"2015-01-14T10:08:13","modified_gmt":"2015-01-14T10:08:13","slug":"grupa-euromedic-z-nowa-nazwa","status":"publish","type":"post","link":"https:\/\/mediarun.com\/pl\/trendy\/branding\/grupa-euromedic-z-nowa-nazwa.html","title":{"rendered":"Grupa Euromedic z now\u0105 nazw\u0105"},"content":{"rendered":"<p><a href=\"https:\/\/mediarun.com\/wp-content\/uploads\/2014\/12\/affidea_Polska.jpg\"><img fetchpriority=\"high\" decoding=\"async\" class=\"aligncenter size-full wp-image-143291\" src=\"https:\/\/mediarun.com\/wp-content\/uploads\/2014\/12\/affidea_Polska.jpg\" alt=\"EUR papier firmowy etap05 20141128 EI\" width=\"514\" height=\"138\" title=\"\"><\/a><br \/>\nPolska, jako pierwszy kraj z 14 pa\u0144stw, w kt\u00f3rych dzia\u0142a Grupa Euromedic przejdzie zmian\u0119 to\u017csamo\u015bci na AFFIDEA. Nowa marka \u0142\u0105czy w sobie wszystkie warto\u015bci, zgodnie z kt\u00f3rymi dzia\u0142a sie\u0107 \u2013 profesjonalizm i najwy\u017csz\u0105 jako\u015b\u0107 us\u0142ug medycznych i empati\u0119 w stosunku do chorych.<\/p>\n<p>&#8211; Decyzja o zmianie marki wynika nie tylko z potrzeby podkre\u015blenia unikalno\u015bci naszej firmy na rynku, ale tak\u017ce potrzeby globalnego ujednolicenia nazw wewn\u0105trz Grupy. Polska, jako najwa\u017cniejszy europejski rynek w firmie, jako pierwsza przejdzie proces zmiany to\u017csamo\u015bci. Proces zmiany identyfikacji wizualnej obejmie wszystkie kraje, w kt\u00f3rych jeste\u015bmy obecni. \u2013 m\u00f3wi Micha\u0142 Korczeniewski.<\/p>\n<p>Wprowadzany jest r\u00f3wnie\u017c szereg udogodnie\u0144 dla chorych takich jak mo\u017cliwo\u015b\u0107 um\u00f3wienia badania online czy nieograniczony dost\u0119p do \u0142\u0105cza Wi-Fi, dzi\u0119ki kt\u00f3remu pacjenci b\u0119d\u0105 mogli swobodnie skorzysta\u0107 z Internetu w ka\u017cdym z centr\u00f3w. Jest to pocz\u0105tek wielu zmian, kt\u00f3re b\u0119d\u0105 wprowadzane przez AFFIDEA w najbli\u017cszych miesi\u0105cach.<\/p>\n<p>W Polsce firma AFFIDEA (dawny Euromedic) obecna jest od 2000 roku. Sie\u0107 dzia\u0142a ju\u017c w 14 europejskich krajach: w Polsce, na W\u0119grzech, w Rumunii, Turcji, Bo\u015bni i Hercegowinie, Chorwacji, Grecji, we W\u0142oszech, Czechach, Portugalii, Bu\u0142garii, Szwajcarii, Irlandii oraz na Litwie. To jeden z najwi\u0119kszych inwestor\u00f3w i \u015bwiadczeniodawc\u00f3w us\u0142ug Partnerstwa Publiczno-Prywatnego (PPP) w Europie.<\/p>\n","protected":false},"excerpt":{"rendered":"Euromedic, dzia\u0142aj\u0105ca od prawie 15 lat w Polsce sie\u0107 oferuj\u0105ca us\u0142ugi z zakresu diagnostyki i radioterapii od dzisiaj zmienia si\u0119 w AFFIDEA. Wdro\u017cenie nowej identyfikacji wizualnej potrwa do ko\u0144ca tego roku.","protected":false},"author":1,"featured_media":143294,"comment_status":"open","ping_status":"closed","sticky":false,"template":"","format":"standard","meta":{"csco_display_header_overlay":false,"csco_singular_sidebar":"","csco_page_header_type":"","csco_page_load_nextpost":"","csco_post_video_location":[],"csco_post_video_location_hash":"","csco_post_video_url":"","csco_post_video_bg_start_time":0,"csco_post_video_bg_end_time":0,"footnotes":""},"categories":[9658],"tags":[4824,4823,3113],"class_list":{"0":"post-143290","1":"post","2":"type-post","3":"status-publish","4":"format-standard","5":"has-post-thumbnail","7":"category-branding","8":"tag-affidea","9":"tag-euromedic","10":"tag-rebranding","11":"cs-entry","12":"cs-video-wrap"},"_links":{"self":[{"href":"https:\/\/mediarun.com\/pl\/wp-json\/wp\/v2\/posts\/143290","targetHints":{"allow":["GET"]}}],"collection":[{"href":"https:\/\/mediarun.com\/pl\/wp-json\/wp\/v2\/posts"}],"about":[{"href":"https:\/\/mediarun.com\/pl\/wp-json\/wp\/v2\/types\/post"}],"author":[{"embeddable":true,"href":"https:\/\/mediarun.com\/pl\/wp-json\/wp\/v2\/users\/1"}],"replies":[{"embeddable":true,"href":"https:\/\/mediarun.com\/pl\/wp-json\/wp\/v2\/comments?post=143290"}],"version-history":[{"count":0,"href":"https:\/\/mediarun.com\/pl\/wp-json\/wp\/v2\/posts\/143290\/revisions"}],"wp:featuredmedia":[{"embeddable":true,"href":"https:\/\/mediarun.com\/pl\/wp-json\/wp\/v2\/media\/143294"}],"wp:attachment":[{"href":"https:\/\/mediarun.com\/pl\/wp-json\/wp\/v2\/media?parent=143290"}],"wp:term":[{"taxonomy":"category","embeddable":true,"href":"https:\/\/mediarun.com\/pl\/wp-json\/wp\/v2\/categories?post=143290"},{"taxonomy":"post_tag","embeddable":true,"href":"https:\/\/mediarun.com\/pl\/wp-json\/wp\/v2\/tags?post=143290"}],"curies":[{"name":"wp","href":"https:\/\/api.w.org\/{rel}","templated":true}]}}