{"id":143183,"date":"2014-12-10T06:42:05","date_gmt":"2014-12-10T05:42:05","guid":{"rendered":"https:\/\/mediarun.com\/pl\/?post_type=news&#038;p=143183"},"modified":"2015-01-14T12:48:21","modified_gmt":"2015-01-14T12:48:21","slug":"rozpocznij-rok-2015-mobilnie","status":"publish","type":"post","link":"https:\/\/mediarun.com\/pl\/polecamy\/rozpocznij-rok-2015-mobilnie.html","title":{"rendered":"Rozpocznij rok 2015 mobilnie!"},"content":{"rendered":"<p>\u017bycie w ci\u0105g\u0142ym biegu wymaga od nas dostosowywania si\u0119 do nowych technologii i nowo\u015bci rynkowych. My sami natomiast mamy coraz wi\u0119cej wymaga\u0144 od urz\u0105dze\u0144, kt\u00f3rymi otaczamy si\u0119 ka\u017cdego dnia. Miejsce laptop\u00f3w, czy aparat\u00f3w fotograficznych coraz cz\u0119\u015bciej zajmuj\u0105 tablety i smartfony. To efekt zmiany w codziennej komunikacji zar\u00f3wno tej w pracy, jak i podczas codziennych zaj\u0119\u0107. Urz\u0105dzenia mobilne s\u0105 wi\u0119c dla wszystkich, bez wzgl\u0119du na wiek, zaw\u00f3d, czy wykszta\u0142cenie.<\/p>\n<p>W\u0142a\u015bnie dla tych os\u00f3b, kt\u00f3re pod\u0105\u017caj\u0105 za szeroko rozumianymi nowo\u015bciami technologicznymi, organizowane s\u0105 2. Targi Rozwi\u0105za\u0144 i Technologii Mobilnych Mobile-IT oraz konferencja Mobile Trends Conference. Wszystkich, kt\u00f3rych interesuje to, co dzieje si\u0119 w bran\u017cy mobile i chc\u0105 by\u0107 cz\u0119\u015bci\u0105 tego \u015bwiata zapraszamy w dniach 11-13 lutego 2015 r. do Mi\u0119dzynarodowego Centrum Targowo-Kongresowego EXPO Krak\u00f3w.<\/p>\n<p>Targi Mobile-IT odb\u0119d\u0105 si\u0119 w dniach 12-13 lutego. W ich trakcie zaprezentowane zostan\u0105 mo\u017cliwo\u015bci wykorzystania mobilnych technologii w sektorze publicznym i prywatnym. W ramach nadchodz\u0105cej edycji du\u017co miejsca po\u015bwi\u0119cone zostanie aplikacjom mobilnym, kt\u00f3re nazwa\u0107 mo\u017cemy swego rodzaju \u201eoknem na \u015bwiat\u201d.<\/p>\n<p>Targi s\u0105 doskona\u0142\u0105 okazj\u0105 dla wystawc\u00f3w, aby zaprezentowa\u0107 nowo\u015bci i tym samym zaskoczy\u0107 klient\u00f3w. To szansa bezpo\u015bredniego kontaktu przedstawicieli firmy z konsumentami i mo\u017cliwo\u015b\u0107 wymiany spostrze\u017ce\u0144 na temat produkt\u00f3w, co tworzy kompleksow\u0105 platform\u0119 sprzeda\u017cy, promocji oraz komunikacji.<\/p>\n<p>Zakres bran\u017cowy targ\u00f3w:<br \/>\n\u2022 M-marketing i M-commerce (m.in.: SMS, MMS Marketing, SoLoMo, grywalizacja, start-up&#8217; aplikacje i reklamy na urz\u0105dzenia mobilne)<br \/>\n\u2022 Bankowo\u015b\u0107 i finanse (m.in.: p\u0142atno\u015bci mobilne, zdalny dost\u0119p do konta i us\u0142ug finansowych)<br \/>\n\u2022 Zarz\u0105dzanie mobilno\u015bci\u0105 przedsi\u0119biorstw (m.in.: centralne zarz\u0105dzanie urz\u0105dzeniami mobilnymi i aplikacjami, narz\u0119dzia do analizy wizualizacji danych)<br \/>\n\u2022 Oferta dla sektora publicznego (m.in.: e-learning oraz m-learning, oprogramowanie dla agencji rz\u0105dowych, aplikacje mobilne GIS)<br \/>\n\u2022 Chmura i outsourcing IT (m.in.: serwer w chmurze, platforma IT w chmurze, oprogramowanie w chmurze)<br \/>\n\u2022 Sprz\u0119t i infrastruktura sieciowa (m.in.: smartfony, tablety, wearable devices, urz\u0105dzenia Wi-Fi, sieci GSM, systemy RFID)<\/p>\n<p>Ju\u017c dzi\u015b zach\u0119camy do rejestracji ON-LINE na stronie www.mobile-it.com.pl, kt\u00f3ra pozwala na zakup bilet\u00f3w w promocyjnej cenie.<\/p>\n<p>R\u00f3wnocze\u015bnie z targami odb\u0119dzie si\u0119 czwarta edycja konferencji Mobile Trends Conference 2015. Jest to najwi\u0119ksze w Polsce wydarzenie po\u015bwi\u0119cone w ca\u0142o\u015bci mobilnym technologiom. Nadchodz\u0105ca edycja odb\u0119dzie si\u0119 w dniach 11-13 lutego 2015 r. To trzy niezapomniane dni: Development Day, Business Day oraz b\u0119d\u0105cy nowo\u015bci\u0105 Inspiration Day. Lista prelegent\u00f3w z dnia na dzie\u0144 ulega powi\u0119kszeniu, a potwierdzeni dotychczas prelegenci to m.in.: Natalia Hatalska, Piotr Konieczny, Monika Mikowska, Micha\u0142 Sadowski, Pawe\u0142 Tkaczyk, Marcin Zaremba, Piotr Biegun czy Bart\u0142omiej Postek. Pe\u0142n\u0105 list\u0119 mo\u017cecie zobaczy\u0107 pod adresem www.2015.mobiletrends.pl\/konferencja-prelegenci. Drugi dzie\u0144 konferencji zako\u0144czy si\u0119 gal\u0105 rozdania presti\u017cowych nagr\u00f3d Mobile Trends Awards dla najefektywniejszych rozwi\u0105za\u0144 i kampanii mobilnych. Tego wydarzenia z ca\u0142\u0105 pewno\u015bci\u0105 nie mo\u017cna pomin\u0105\u0107! Zg\u0142oszenia do nagr\u00f3d MTA przyjmowane s\u0105 do 5. stycznia.<\/p>\n<p>Bilety na konferencj\u0119 mo\u017cna zakupi\u0107 na stronie internetowej konferencji www.2015.mobiletrends.pl. Do 29 grudnia bilety dost\u0119pne s\u0105 w cenie od 250 z\u0142.<\/p>\n<p>Targi Mobile-IT &#8211; 12-13 lutego 2015<\/p>\n<p>Mobile Trends Conference \u2013 11-13 lutego 2015<\/p>\n<p>Miejsce: Mi\u0119dzynarodowe Centrum Targowo-Kongresowe EXPO Krak\u00f3w, ul. Galicyjska 9 w Krakowie<\/p>\n<p>Organizator: Targi w Krakowie Sp. z.o.o. oraz ClickMaster Polska<\/p>\n<p><a href=\"https:\/\/mediarun.com\/wp-content\/uploads\/2014\/12\/760_400.jpg\"><img fetchpriority=\"high\" decoding=\"async\" class=\"alignnone size-full wp-image-143186\" src=\"https:\/\/mediarun.com\/wp-content\/uploads\/2014\/12\/760_400.jpg\" alt=\"760_400\" width=\"760\" height=\"400\" title=\"\"><\/a><\/p>\n<p>Mediarun Poleca!<\/p>\n","protected":false},"excerpt":{"rendered":"Urz\u0105dzenia mobilne towarzysz\u0105 nam niemal w ka\u017cdej minucie \u017cycia. Korzystamy z nich w pracy, domu, tramwaju czy podczas joggingu. Nie dziwi nikogo widok os\u00f3b, kt\u00f3re podczas rozmowy w gronie znajomych jednocze\u015bnie bawi\u0105 si\u0119 smartfonem, b\u0105d\u017a w kolejce do sklepowej kasy szybko przegl\u0105daj\u0105 serwisy informacyjne. Wynika to g\u0142\u00f3wnie z faktu, \u017ce stale pragniemy by\u0107 na bie\u017c\u0105co ze wszystkim, co dzieje si\u0119 wok\u00f3\u0142 nas, ale tak\u017ce z potrzeby dzielenia si\u0119 informacjami z innymi.","protected":false},"author":1,"featured_media":143184,"comment_status":"open","ping_status":"closed","sticky":false,"template":"","format":"standard","meta":{"csco_display_header_overlay":false,"csco_singular_sidebar":"","csco_page_header_type":"","csco_page_load_nextpost":"","csco_post_video_location":[],"csco_post_video_location_hash":"","csco_post_video_url":"","csco_post_video_bg_start_time":0,"csco_post_video_bg_end_time":0,"footnotes":""},"categories":[4642],"tags":[4590,3592,3233,3254,4591],"class_list":{"0":"post-143183","1":"post","2":"type-post","3":"status-publish","4":"format-standard","5":"has-post-thumbnail","7":"category-polecamy","8":"tag-clickmaster-polska","9":"tag-konferencja","10":"tag-mobile-2","11":"tag-mobile-trends","12":"tag-targi-w-krakowie-sp-z-o-o","13":"cs-entry","14":"cs-video-wrap"},"_links":{"self":[{"href":"https:\/\/mediarun.com\/pl\/wp-json\/wp\/v2\/posts\/143183","targetHints":{"allow":["GET"]}}],"collection":[{"href":"https:\/\/mediarun.com\/pl\/wp-json\/wp\/v2\/posts"}],"about":[{"href":"https:\/\/mediarun.com\/pl\/wp-json\/wp\/v2\/types\/post"}],"author":[{"embeddable":true,"href":"https:\/\/mediarun.com\/pl\/wp-json\/wp\/v2\/users\/1"}],"replies":[{"embeddable":true,"href":"https:\/\/mediarun.com\/pl\/wp-json\/wp\/v2\/comments?post=143183"}],"version-history":[{"count":0,"href":"https:\/\/mediarun.com\/pl\/wp-json\/wp\/v2\/posts\/143183\/revisions"}],"wp:featuredmedia":[{"embeddable":true,"href":"https:\/\/mediarun.com\/pl\/wp-json\/wp\/v2\/media\/143184"}],"wp:attachment":[{"href":"https:\/\/mediarun.com\/pl\/wp-json\/wp\/v2\/media?parent=143183"}],"wp:term":[{"taxonomy":"category","embeddable":true,"href":"https:\/\/mediarun.com\/pl\/wp-json\/wp\/v2\/categories?post=143183"},{"taxonomy":"post_tag","embeddable":true,"href":"https:\/\/mediarun.com\/pl\/wp-json\/wp\/v2\/tags?post=143183"}],"curies":[{"name":"wp","href":"https:\/\/api.w.org\/{rel}","templated":true}]}}