{"id":143067,"date":"2014-12-05T11:15:51","date_gmt":"2014-12-05T10:15:51","guid":{"rendered":"https:\/\/mediarun.com\/pl\/?post_type=news&#038;p=143067"},"modified":"2015-01-14T13:06:57","modified_gmt":"2015-01-14T13:06:57","slug":"czechy-usuwaja-obrazliwa-reklame","status":"publish","type":"post","link":"https:\/\/mediarun.com\/pl\/marketing\/atl\/czechy-usuwaja-obrazliwa-reklame.html","title":{"rendered":"Czechy usuwaj\u0105 obra\u017aliw\u0105 reklam\u0119"},"content":{"rendered":"<p>Decyzj\u0119 podj\u0105\u0142 prezes firmy Milan Vaszina. W specjalnym o\u015bwiadczeniu wyrazi\u0142 ubolewanie z powodu faktu, \u017ce spot reklamowy spotka\u0142 si\u0119 z ch\u0142odnym przyj\u0119ciem z polskiej strony.<\/p>\n<p>&#8211; Jest nam przykro, \u017ce nasza reklama, kt\u00f3ra od d\u0142u\u017cszego czasu opiera si\u0119 na przerysowaniach i specyficznym poczuciu humoru, mog\u0142a kogo\u015b urazi\u0107. Mimo \u017ce jeste\u015bmy przekonani, i\u017c reklama zar\u00f3wno z punktu widzenia etyki, jak i prawa jest w porz\u0105dku, zdecydowali\u015bmy si\u0119 na jej usuni\u0119cie \u2013 i to jeszcze przed spotkaniem z pani\u0105 ambasador &#8211; wyja\u015bni\u0142 Vaszina.<\/p>\n<p>Po tym o\u015bwiadczeniu firma wstrzyma\u0142a emisj\u0119 reklamy w telewizji oraz usun\u0119\u0142a j\u0105 z portali spo\u0142eczno\u015bciach. Wcze\u015bniej rzeczniczka operatora Martina Kemrova poinformowa\u0142a, \u017ce firma nie mia\u0142a zamiaru poni\u017cy\u0107 Polak\u00f3w. Decyzja o usuni\u0119ciu reklamy jest efektem protestu, jaki w \u015brod\u0119 wys\u0142a\u0142a ambasador RP Gra\u017cyna Bernatowicz.<\/p>\n<p>Chodzi\u0142o o spot, w kt\u00f3rym narciarz po przekroczeniu czesko-polskiej granicy spotyka przebranego za drzewo Polaka. Ten okazuje si\u0119 obwo\u017anym handlarzem sprzedaj\u0105cym buble \u2013 w tym telefony kom\u00f3rkowe. Po kr\u00f3tkiej wymianie zda\u0144 w \u0142amanej polszczy\u017anie narciarz wymienia u handlarza telefon na nowy, kt\u00f3ry natychmiast si\u0119 psuje. W tym czasie Polak znika i nie jest ju\u017c mo\u017cliwe wycofanie si\u0119 z tej transakcji; lektorka przekonuje, \u017ce rozs\u0105dniejsze by\u0142oby skorzystanie z us\u0142ug operatora.<\/p>\n<p>Ambasada RP uzna\u0142a, \u017ce spos\u00f3b, w jaki w spocie zostali zaprezentowani Polacy, jest &#8222;uproszczony i skandalizuj\u0105cy&#8221;, oraz \u017ce reklama szkodzi polsko-czeskim relacjom.<\/p>\n<p><iframe title=\"T-Mobile - CZESKA REKLAMA OBRA\u017bAJ\u0104CA POLAK\u00d3W SKANDAL!\" width=\"1200\" height=\"675\" src=\"https:\/\/www.youtube.com\/embed\/-X9OpeVgZZQ?feature=oembed\" frameborder=\"0\" allow=\"accelerometer; autoplay; clipboard-write; encrypted-media; gyroscope; picture-in-picture; web-share\" referrerpolicy=\"strict-origin-when-cross-origin\" allowfullscreen><\/iframe><\/p>\n<p>\u017ar\u00f3d\u0142o: onet.pl<\/p>\n","protected":false},"excerpt":{"rendered":"Operator kom\u00f3rkowy T-Mobile w Czechach ostatecznie usun\u0105\u0142 dzisiaj reklam\u0119, w kt\u00f3rej w negatywny spos\u00f3b prezentowano Polak\u00f3w. Sta\u0142o si\u0119 to po prote\u015bcie polskiej ambasady w Pradze.","protected":false},"author":1,"featured_media":143069,"comment_status":"open","ping_status":"closed","sticky":false,"template":"","format":"standard","meta":{"csco_display_header_overlay":false,"csco_singular_sidebar":"","csco_page_header_type":"","csco_page_load_nextpost":"","csco_post_video_location":[],"csco_post_video_location_hash":"","csco_post_video_url":"","csco_post_video_bg_start_time":0,"csco_post_video_bg_end_time":0,"footnotes":""},"categories":[9642],"tags":[4876,4877,200,170],"class_list":{"0":"post-143067","1":"post","2":"type-post","3":"status-publish","4":"format-standard","5":"has-post-thumbnail","7":"category-atl","8":"tag-czesi","9":"tag-polacy","10":"tag-reklama","11":"tag-t-mobile","12":"cs-entry","13":"cs-video-wrap"},"_links":{"self":[{"href":"https:\/\/mediarun.com\/pl\/wp-json\/wp\/v2\/posts\/143067","targetHints":{"allow":["GET"]}}],"collection":[{"href":"https:\/\/mediarun.com\/pl\/wp-json\/wp\/v2\/posts"}],"about":[{"href":"https:\/\/mediarun.com\/pl\/wp-json\/wp\/v2\/types\/post"}],"author":[{"embeddable":true,"href":"https:\/\/mediarun.com\/pl\/wp-json\/wp\/v2\/users\/1"}],"replies":[{"embeddable":true,"href":"https:\/\/mediarun.com\/pl\/wp-json\/wp\/v2\/comments?post=143067"}],"version-history":[{"count":0,"href":"https:\/\/mediarun.com\/pl\/wp-json\/wp\/v2\/posts\/143067\/revisions"}],"wp:featuredmedia":[{"embeddable":true,"href":"https:\/\/mediarun.com\/pl\/wp-json\/wp\/v2\/media\/143069"}],"wp:attachment":[{"href":"https:\/\/mediarun.com\/pl\/wp-json\/wp\/v2\/media?parent=143067"}],"wp:term":[{"taxonomy":"category","embeddable":true,"href":"https:\/\/mediarun.com\/pl\/wp-json\/wp\/v2\/categories?post=143067"},{"taxonomy":"post_tag","embeddable":true,"href":"https:\/\/mediarun.com\/pl\/wp-json\/wp\/v2\/tags?post=143067"}],"curies":[{"name":"wp","href":"https:\/\/api.w.org\/{rel}","templated":true}]}}