{"id":141678,"date":"2014-09-23T07:21:14","date_gmt":"2014-09-23T07:21:14","guid":{"rendered":"https:\/\/mediarun.com\/pl\/?post_type=news&#038;p=141678"},"modified":"2015-04-08T13:33:14","modified_gmt":"2015-04-08T13:33:14","slug":"niecodzienny-trening-na-dachu-wiezowca","status":"publish","type":"post","link":"https:\/\/mediarun.com\/pl\/marketing\/event\/niecodzienny-trening-na-dachu-wiezowca.html","title":{"rendered":"Niecodzienny trening na dachu wie\u017cowca"},"content":{"rendered":"<p>W pi\u0119kn\u0105, s\u0142oneczn\u0105 sobot\u0119 6 wrze\u015bnia, na 31 pi\u0119trze budynku Spektrum w Warszawie odby\u0142 si\u0119 event, na kt\u00f3ry Reebok zaprosi\u0142 najwi\u0119kszych pasjonat\u00f3w fitnessu, crossfitu oraz biegania w Polsce. \u0141\u0105cznie odby\u0142y si\u0119 trzy 30-minutowe treningi prowadzone przez ambasador\u00f3w Reeboka.<\/p>\n<p>W pierwszej cz\u0119\u015bci rozgrzewk\u0119 oraz trening funkcjonalny poprowadzi\u0142 Robert Czech. Cz\u0119\u015b\u0107 g\u0142\u00f3wna nale\u017ca\u0142a do Bartka Lipki oraz treningu CrossFit, podczas kt\u00f3rego wszyscy uczestnicy uformowali symbol Delty. Natomiast trening Fire Workout oraz stretching poprowadzi\u0142a Kasia Bigos. Go\u015bciem specjalnym wydarzenia by\u0142a Kamila Szczawi\u0144ska, s\u0142ynna modelka oraz aktywna mama, kt\u00f3ra na co dzie\u0144 m.in. biega, je\u017adzi na longboardzie a opr\u00f3cz tego trenuje\u00a0 pole dance.<\/p>\n<p><a href=\"https:\/\/mediarun.com\/wp-content\/uploads\/2014\/09\/Mediarun_Com_Reebok_Wie\u017cowiec.jpg\"><img fetchpriority=\"high\" decoding=\"async\" class=\"alignnone size-medium wp-image-141679\" src=\"https:\/\/mediarun.com\/wp-content\/uploads\/2014\/09\/Mediarun_Com_Reebok_Wie\u017cowiec-600x398.jpg\" alt=\"Mecz\" width=\"600\" height=\"398\" title=\"\"><\/a><\/p>\n<p>Dru\u017cyna Reeboka spotka\u0142a si\u0119 w wyj\u0105tkowym miejscu nie tylko w celu treningowym. Zgodnie z filozofi\u0105 marki, uczestnicy uczyli si\u0119 prze\u0142amywa\u0107 swoje bariery i wyznacza\u0107 nowe granice.<\/p>\n<p><em>\u00a0\u201eZaproszeni przez nas go\u015bcie kochaj\u0105 fitness w ka\u017cdej ods\u0142onie i formie. Jest to ich spos\u00f3b na \u017cycie, zatem idealnie wpisuj\u0105 si\u0119 w przes\u0142anie, kt\u00f3re niesie ze sob\u0105 logo <\/em><em>Reebok\u2206, <\/em><em>przedstawiaj\u0105ce pozytywn\u0105 transformacj\u0119 jak\u0105 fitness mo\u017ce wnie\u015b\u0107 w \u017cycie ka\u017cdego z nas\u201d<\/em> \u2013 m\u00f3wi Micha\u0142 K\u0119pi\u0144ski, Reebok Brand Activation Manager. \u2013 <em>\u201eZnak \u2206 ma trzy wyra\u017ane cz\u0119\u015bci, z kt\u00f3rych ka\u017cda reprezentuje zmian\u0119 \u2013 fizyczn\u0105, intelektualn\u0105 i spo\u0142eczn\u0105 \u2013 jaka zachodzi, gdy cz\u0142owiek postanawia przekroczy\u0107 stawiane sobie dotychczas granice i zaczyna prowadzi\u0107 aktywne i pe\u0142ne nowych wyzwa\u0144 \u017cycie. To nasz symbol zmiany \u2013 zaproszenie do aktywno\u015bci i uwolnienia swojego prawdziwego potencja\u0142u\u201d \u00a0&#8211; <\/em>dodaje<\/p>\n<p>Relacj\u0119 z wydarzenia mo\u017cna obejrze\u0107 na\u00a0<a href=\"http:\/\/www.youtube.com\/watch?v=WXue5uIuPXE\" target=\"_blank\" rel=\"noopener\">Trening Reebok na dachu warszawskiego wie\u017cowca<\/a><\/p>\n<p>&nbsp;<\/p>\n<p>***<\/p>\n<p>Reebok International Ltd., z siedzib\u0105 w Canton, w stanie Massachusetts, to czo\u0142owy \u015bwiatowy projektant, producent, i dystrybutor obuwia, odzie\u017cy i sprz\u0119tu sportowego fitness. Jako przedsi\u0119biorstwo zale\u017cne od Grupy Adidas, firma dzia\u0142a w ramach r\u00f3\u017cnych oddzia\u0142\u00f3w pod markami Reebok, Reebok-CCM Hockey oraz Sports Licensed Division. Wi\u0119cej informacji znajd\u0105 Pa\u0144stwo na stronie www.reebok.com lub: http:\/\/reesha.re\/plus; http:\/\/facebook.com\/reebok; http:\/\/twitter.com\/reebok; <a href=\"http:\/\/youtube.com\/reebok\" target=\"_blank\" rel=\"noopener\">http:\/\/youtube.com\/reebok<\/a>. Reebok jest zarejestrowanym znakiem towarowym firmy Reebok International Limited.<\/p>\n","protected":false},"excerpt":{"rendered":"Reebok zebra\u0142 w jednym, niecodziennym miejscu &#8211; 122 metry nad ziemi\u0105 &#8211; grup\u0119 80 najwi\u0119kszych entuzjast\u00f3w fitness, kt\u00f3ra wsp\u00f3lnie \u0107wiczy\u0142a na dachu wie\u017cowca pod okiem ambasador\u00f3w marki: Kasi Bigos, Roberta Czecha oraz Bartka Lipki. Event odby\u0142 si\u0119 w ramach promocji nowego logo marki \u2013 Reebok\u2206.","protected":false},"author":1,"featured_media":141680,"comment_status":"open","ping_status":"closed","sticky":false,"template":"","format":"standard","meta":{"csco_display_header_overlay":false,"csco_singular_sidebar":"","csco_page_header_type":"","csco_page_load_nextpost":"","csco_post_video_location":[],"csco_post_video_location_hash":"","csco_post_video_url":"","csco_post_video_bg_start_time":0,"csco_post_video_bg_end_time":0,"footnotes":""},"categories":[9651],"tags":[3591,5343,3142,322,880,5342],"class_list":{"0":"post-141678","1":"post","2":"type-post","3":"status-publish","4":"format-standard","5":"has-post-thumbnail","7":"category-event","8":"tag-event-2","9":"tag-ewa-chodakowska","10":"tag-inspiracje","11":"tag-reebok","12":"tag-sport","13":"tag-trening","14":"cs-entry","15":"cs-video-wrap"},"_links":{"self":[{"href":"https:\/\/mediarun.com\/pl\/wp-json\/wp\/v2\/posts\/141678","targetHints":{"allow":["GET"]}}],"collection":[{"href":"https:\/\/mediarun.com\/pl\/wp-json\/wp\/v2\/posts"}],"about":[{"href":"https:\/\/mediarun.com\/pl\/wp-json\/wp\/v2\/types\/post"}],"author":[{"embeddable":true,"href":"https:\/\/mediarun.com\/pl\/wp-json\/wp\/v2\/users\/1"}],"replies":[{"embeddable":true,"href":"https:\/\/mediarun.com\/pl\/wp-json\/wp\/v2\/comments?post=141678"}],"version-history":[{"count":0,"href":"https:\/\/mediarun.com\/pl\/wp-json\/wp\/v2\/posts\/141678\/revisions"}],"wp:featuredmedia":[{"embeddable":true,"href":"https:\/\/mediarun.com\/pl\/wp-json\/wp\/v2\/media\/141680"}],"wp:attachment":[{"href":"https:\/\/mediarun.com\/pl\/wp-json\/wp\/v2\/media?parent=141678"}],"wp:term":[{"taxonomy":"category","embeddable":true,"href":"https:\/\/mediarun.com\/pl\/wp-json\/wp\/v2\/categories?post=141678"},{"taxonomy":"post_tag","embeddable":true,"href":"https:\/\/mediarun.com\/pl\/wp-json\/wp\/v2\/tags?post=141678"}],"curies":[{"name":"wp","href":"https:\/\/api.w.org\/{rel}","templated":true}]}}