{"id":14163,"date":"2011-07-26T16:12:20","date_gmt":"2011-07-26T14:12:20","guid":{"rendered":"https:\/\/mediarun.com\/index.php\/news-posts\/bloomberg-businessweek-polska-buduje-zespol\/"},"modified":"2011-07-26T16:12:20","modified_gmt":"2011-07-26T14:12:20","slug":"bloomberg-businessweek-polska-buduje-zespol","status":"publish","type":"post","link":"https:\/\/mediarun.com\/pl\/media\/prasa\/bloomberg-businessweek-polska-buduje-zespol.html","title":{"rendered":"Bloomberg Businessweek Polska buduje zesp\u00f3\u0142"},"content":{"rendered":"<p><strong>Micha\u0142 Gajewski zosta\u0142 zast\u0119pc\u0105 redaktora naczelnego pisma.<\/strong><\/p>\n<p>Sekretarzem redakcji Bloomberg Businessweek Polska zosta\u0142a Anna Sochocka, a dyrektorem artystycznym &#8211; Aleksandra Karo\u0144. Za dodatki do BBWP odpowiada Robert Azembski, kt&oacute;ry b\u0119dzie r&oacute;wnie\u017c pisa\u0142 artyku\u0142y finansowe w wydaniu regularnym. Ponadto w zespole przygotowuj\u0105cym pierwszy numer polskiej edycji pisma znale\u017ali si\u0119 Bartosz Ga\u0142kowski (grafik prowadz\u0105cy), \u0141ukasz Pawlak (fotoedytor) oraz Aleksandra Karp (researcher).<\/p>\n<p>&#8211; Ca\u0142y czas jeste\u015bmy na etapie budowania zespo\u0142u Bloomberg Businessweek Polska. Jego trzon tworz\u0105 do\u015bwiadczeni dziennikarze ekonomiczni, kt&oacute;rzy potrafi\u0105 pisa\u0107 o gospodarce na najwy\u017cszym poziomie merytorycznym, a jednocze\u015bnie w spos&oacute;b dla czytelnik&oacute;w ciekawy i atrakcyjny &#8211; m&oacute;wi Micha\u0142 Kobosko, redaktor naczelny polskiej edycji pisma.<\/p>\n<p>Kobosko podkre\u015bla, \u017ce na razie zesp&oacute;\u0142 BBWP jest niewielki, ale wspiera go liczne grono wsp&oacute;\u0142pracownik&oacute;w, dziennikarzy i ekspert&oacute;w. W najbli\u017cszych tygodniach do ekipy Bloomberg Businessweek Polska b\u0119d\u0105 do\u0142\u0105cza\u0142y kolejne osoby, w tym m.in. pierwszy zast\u0119pca redaktora naczelnego, wydawca serwisu internetowego oraz dziennikarze BBWP online.<\/p>\n<p><strong>Krzysztof Adam Kowalczyk<\/strong> od 2004 roku jest redaktorem prowadz\u0105cym w Pulsie Biznesu. Wcze\u015bniej pracowa\u0142 m.in. jako dyrektor departamentu PR w Polskiej Konfederacji Pracodawc&oacute;w Prywatnych (obecnie PKPP Lewiatan), wsp&oacute;\u0142tworzy\u0142 projekt Tygodnika Ekonomicznego w wydawnictwie Bauer, by\u0142 r&oacute;wnie\u017c zwi\u0105zany z miesi\u0119cznikiem Businessman Magazine (m.in. jako zast\u0119pca redaktora naczelnego).<\/p>\n<p><strong>Micha\u0142 Gajewski<\/strong> jest zwi\u0105zany z PMPG od blisko 10 lat. Pocz\u0105tkowo by\u0142 sekretarzem redakcji, nast\u0119pnie zast\u0119pc\u0105, pe\u0142ni\u0105cym obowi\u0105zki redaktora naczelnego oraz &#8211; przez ostatnich 5 lat &#8211; redaktorem naczelnym magazynu studenckiego ?dlaczego. Wcze\u015bniej pracowa\u0142 m.in. w \u017byciu Warszawy.<\/p>\n<p>Zaplecze wydawnicze Bloomberg Businessweek Polska stanowi\u0105 struktury Platformy Mediowej Point Group. Dyrektorem wydawniczym pisma jest Robert Pstroko\u0144ski, za dystrybucj\u0119 odpowiada Pawe\u0142 Gago. Sprzeda\u017c\u0105 reklam zajmie si\u0119 biuro sprzeda\u017cy PMPG organizowane pod kierownictwem Dominika Tzimasa. Marketing nowego tytu\u0142u powstaje pod nadzorem Andrzeja Chmiela, za PR BBWP odpowiada Anna Paw\u0142owska-Pojawa.<\/p>\n<p>Pierwsze wydanie Bloomberg Businessweek Polska pojawi si\u0119 na rynku jesieni\u0105. Wydawc\u0105 pisma b\u0119dzie Point Group Business Unit, sp&oacute;\u0142ka zale\u017cna Platformy Mediowej Point Group.<\/p>\n<p>Bloomberg Businessweek Polska b\u0119dzie wydawany na licencji udzielonej PGBU przez Bloomberg L.P., wydawc\u0119 Bloomberg Businessweek. To pierwsza mi\u0119dzynarodowa licencja od czasu przej\u0119cia magazynu Businessweek przez Bloomberg w 2009 roku. Polska edycja pisma pocz\u0105tkowo b\u0119dzie si\u0119 ukazywa\u0142a jako dwutygodnik, docelowo ma by\u0107 tygodnikiem. Redaktorem naczelnym &bdquo;Bloomberg Businessweek Polska&#8221; jest Micha\u0142 Kobosko.<\/p>\n<p><strong>+ <a href=\"http:\/\/wiadomosci.mediarun.pl\/artykul\/media-prasa,bloomberg-businessweek-debiutuje-w-polsce,10350,4,1,1.html\" target=\"_blank\" rel=\"noopener\">Bloomberg Businessweek debiutuje w Polsce<\/a><\/strong><\/p>\n","protected":false},"excerpt":{"rendered":"Krzysztof Adam Kowalczyk b\u0119dzie redaktorem prowadz\u0105cym Bloomberg Businessweek Polska. Swoje stanowisko obejmie 8 sierpnia.&nbsp;","protected":false},"author":1,"featured_media":14164,"comment_status":"open","ping_status":"closed","sticky":false,"template":"","format":"standard","meta":{"csco_display_header_overlay":false,"csco_singular_sidebar":"","csco_page_header_type":"","csco_page_load_nextpost":"","csco_post_video_location":[],"csco_post_video_location_hash":"","csco_post_video_url":"","csco_post_video_bg_start_time":0,"csco_post_video_bg_end_time":0,"footnotes":""},"categories":[9673],"tags":[],"class_list":{"0":"post-14163","1":"post","2":"type-post","3":"status-publish","4":"format-standard","5":"has-post-thumbnail","7":"category-prasa","8":"cs-entry","9":"cs-video-wrap"},"_links":{"self":[{"href":"https:\/\/mediarun.com\/pl\/wp-json\/wp\/v2\/posts\/14163","targetHints":{"allow":["GET"]}}],"collection":[{"href":"https:\/\/mediarun.com\/pl\/wp-json\/wp\/v2\/posts"}],"about":[{"href":"https:\/\/mediarun.com\/pl\/wp-json\/wp\/v2\/types\/post"}],"author":[{"embeddable":true,"href":"https:\/\/mediarun.com\/pl\/wp-json\/wp\/v2\/users\/1"}],"replies":[{"embeddable":true,"href":"https:\/\/mediarun.com\/pl\/wp-json\/wp\/v2\/comments?post=14163"}],"version-history":[{"count":0,"href":"https:\/\/mediarun.com\/pl\/wp-json\/wp\/v2\/posts\/14163\/revisions"}],"wp:featuredmedia":[{"embeddable":true,"href":"https:\/\/mediarun.com\/pl\/wp-json\/wp\/v2\/media\/14164"}],"wp:attachment":[{"href":"https:\/\/mediarun.com\/pl\/wp-json\/wp\/v2\/media?parent=14163"}],"wp:term":[{"taxonomy":"category","embeddable":true,"href":"https:\/\/mediarun.com\/pl\/wp-json\/wp\/v2\/categories?post=14163"},{"taxonomy":"post_tag","embeddable":true,"href":"https:\/\/mediarun.com\/pl\/wp-json\/wp\/v2\/tags?post=14163"}],"curies":[{"name":"wp","href":"https:\/\/api.w.org\/{rel}","templated":true}]}}