{"id":140858,"date":"2014-07-24T15:02:18","date_gmt":"2014-07-24T13:02:18","guid":{"rendered":"https:\/\/mediarun.com\/pl\/?post_type=news&#038;p=140858"},"modified":"2014-07-24T15:02:49","modified_gmt":"2014-07-24T13:02:49","slug":"nowy-szef-warszawskiego-oddzialu-rmf-fm","status":"publish","type":"post","link":"https:\/\/mediarun.com\/pl\/marketing\/nowy-szef-warszawskiego-oddzialu-rmf-fm.html","title":{"rendered":"Nowy szef warszawskiego oddzia\u0142u RMF FM"},"content":{"rendered":"<p>Bart\u0142omiej Eider ostatni rok sp\u0119dzi\u0142 na stanowisku wicedyrektora Biura Public Relations Gie\u0142dy Papier\u00f3w Warto\u015bciowych w Warszawie. W latach 2005-2013 by\u0142 dziennikarzem Telewizji Polsat &#8211;\u00a0 m.in. wsp\u00f3\u0142tw\u00f3rc\u0105 i wydawc\u0105 program\u00f3w &#8222;To by\u0142 dzie\u0144 na \u015bwiecie&#8221; i &#8222;Polska&#8221; na antenie Polsat News, zast\u0119pc\u0105 szefa zespo\u0142u korespondent\u00f3w krajowych i producentem programu &#8222;Wydarzenia&#8221;. Wcze\u015bniej zwi\u0105zany z m.in. Newsweekiem i Radiostacj\u0105. Studiowa\u0142 Dziennikarstwo na Wydziale Dziennikarstwa i Nauk Politycznych UW.<\/p>\n","protected":false},"excerpt":{"rendered":"Bart\u0142omiej Eider zostanie nowym szefem warszawskiego oddzia\u0142u RMF FM. Od wrze\u015bnia zast\u0105pi na tym stanowisku Justyn\u0119 Olsz\u00f3wk\u0119.","protected":false},"author":11,"featured_media":140751,"comment_status":"open","ping_status":"closed","sticky":false,"template":"","format":"standard","meta":{"csco_display_header_overlay":false,"csco_singular_sidebar":"","csco_page_header_type":"","csco_page_load_nextpost":"","csco_post_video_location":[],"csco_post_video_location_hash":"","csco_post_video_url":"","csco_post_video_bg_start_time":0,"csco_post_video_bg_end_time":0,"footnotes":""},"categories":[],"tags":[3955,3629,2277,3704,3741],"class_list":{"0":"post-140858","1":"post","2":"type-post","3":"status-publish","4":"format-standard","5":"has-post-thumbnail","7":"tag-bartlomiej-eider","8":"tag-gielda-papierow-wartosciowych","9":"tag-gpw","10":"tag-grupa-rmf","11":"tag-rmf","12":"cs-entry","13":"cs-video-wrap"},"_links":{"self":[{"href":"https:\/\/mediarun.com\/pl\/wp-json\/wp\/v2\/posts\/140858","targetHints":{"allow":["GET"]}}],"collection":[{"href":"https:\/\/mediarun.com\/pl\/wp-json\/wp\/v2\/posts"}],"about":[{"href":"https:\/\/mediarun.com\/pl\/wp-json\/wp\/v2\/types\/post"}],"author":[{"embeddable":true,"href":"https:\/\/mediarun.com\/pl\/wp-json\/wp\/v2\/users\/11"}],"replies":[{"embeddable":true,"href":"https:\/\/mediarun.com\/pl\/wp-json\/wp\/v2\/comments?post=140858"}],"version-history":[{"count":0,"href":"https:\/\/mediarun.com\/pl\/wp-json\/wp\/v2\/posts\/140858\/revisions"}],"wp:featuredmedia":[{"embeddable":true,"href":"https:\/\/mediarun.com\/pl\/wp-json\/wp\/v2\/media\/140751"}],"wp:attachment":[{"href":"https:\/\/mediarun.com\/pl\/wp-json\/wp\/v2\/media?parent=140858"}],"wp:term":[{"taxonomy":"category","embeddable":true,"href":"https:\/\/mediarun.com\/pl\/wp-json\/wp\/v2\/categories?post=140858"},{"taxonomy":"post_tag","embeddable":true,"href":"https:\/\/mediarun.com\/pl\/wp-json\/wp\/v2\/tags?post=140858"}],"curies":[{"name":"wp","href":"https:\/\/api.w.org\/{rel}","templated":true}]}}