{"id":140641,"date":"2014-07-21T14:35:48","date_gmt":"2014-07-21T12:35:48","guid":{"rendered":"https:\/\/mediarun.com\/pl\/?post_type=news&#038;p=140641"},"modified":"2014-07-21T14:35:48","modified_gmt":"2014-07-21T12:35:48","slug":"sephora-z-nowym-kierownikiem-ds-pr-korporacyjnego","status":"publish","type":"post","link":"https:\/\/mediarun.com\/pl\/marketing\/sephora-z-nowym-kierownikiem-ds-pr-korporacyjnego.html","title":{"rendered":"Sephora z nowym kierownikiem ds. PR korporacyjnego"},"content":{"rendered":"<p><a href=\"https:\/\/mediarun.com\/wp-content\/uploads\/2014\/07\/StLS00MDExMjMtSm9hbm5hIEt1a2xhX1NURU5ERVJTLmpwZw.jpg\"><img fetchpriority=\"high\" decoding=\"async\" class=\"aligncenter size-full wp-image-140642\" src=\"https:\/\/mediarun.com\/wp-content\/uploads\/2014\/07\/StLS00MDExMjMtSm9hbm5hIEt1a2xhX1NURU5ERVJTLmpwZw.jpg\" alt=\"StLS00MDExMjMtSm9hbm5hIEt1a2xhX1NURU5ERVJTLmpwZw==\" width=\"800\" height=\"1180\" title=\"\" srcset=\"https:\/\/mediarun.com\/pl\/wp-content\/uploads\/2014\/07\/StLS00MDExMjMtSm9hbm5hIEt1a2xhX1NURU5ERVJTLmpwZw.jpg 800w, https:\/\/mediarun.com\/pl\/wp-content\/uploads\/2014\/07\/StLS00MDExMjMtSm9hbm5hIEt1a2xhX1NURU5ERVJTLmpwZw-475x700.jpg 475w\" sizes=\"(max-width: 800px) 100vw, 800px\" \/><\/a><\/p>\n<p>Joanna Kukla od dziewi\u0119ciu lat zwi\u0105zana jest z bran\u017c\u0105 public relations. Przez ostatnie dwa lata by\u0142a Marketing i PR managerem w firmie STENDERS Europe Sp. z o.o. Wcze\u015bniej pracowa\u0142a jako Specjalista ds. PR w Johnson &amp; Johnson Poland Sp. z o.o. Przez ponad pi\u0119\u0107 lat zwi\u0105zana by\u0142a te\u017c z agencj\u0105 ComPress S.A., gdzie jako PR Manager pracowa\u0142a dla takich firm jak np.: CEDC, RWE oraz Polpharma.<\/p>\n","protected":false},"excerpt":{"rendered":"Z dniem 1 lipca 2014 roku Joanna Kukla obj\u0119\u0142a stanowisko kierownika ds. PR korporacyjnego sieci perfumerii Sephora. Do jej obowi\u0105zk\u00f3w nale\u017ce\u0107 b\u0119dzie opracowanie i wdro\u017cenie strategii dzia\u0142a\u0144 public relations z zakresu komunikacji korporacyjnej oraz event\u00f3w i projekt\u00f3w specjalnych firmy na terenie Polski. Jest to nowoutworzone stanowisko w strukturze dzia\u0142u marketingu Sephora Polska.","protected":false},"author":11,"featured_media":140643,"comment_status":"open","ping_status":"closed","sticky":false,"template":"","format":"standard","meta":{"csco_display_header_overlay":false,"csco_singular_sidebar":"","csco_page_header_type":"","csco_page_load_nextpost":"","csco_post_video_location":[],"csco_post_video_location_hash":"","csco_post_video_url":"","csco_post_video_bg_start_time":0,"csco_post_video_bg_end_time":0,"footnotes":""},"categories":[],"tags":[3838,3837,3840,3839,9649,1552],"class_list":{"0":"post-140641","1":"post","2":"type-post","3":"status-publish","4":"format-standard","5":"has-post-thumbnail","7":"tag-eventy","8":"tag-joanna-kukla","9":"tag-kierownik","10":"tag-pr-manager","11":"tag-pr","12":"tag-sephora","13":"cs-entry","14":"cs-video-wrap"},"_links":{"self":[{"href":"https:\/\/mediarun.com\/pl\/wp-json\/wp\/v2\/posts\/140641","targetHints":{"allow":["GET"]}}],"collection":[{"href":"https:\/\/mediarun.com\/pl\/wp-json\/wp\/v2\/posts"}],"about":[{"href":"https:\/\/mediarun.com\/pl\/wp-json\/wp\/v2\/types\/post"}],"author":[{"embeddable":true,"href":"https:\/\/mediarun.com\/pl\/wp-json\/wp\/v2\/users\/11"}],"replies":[{"embeddable":true,"href":"https:\/\/mediarun.com\/pl\/wp-json\/wp\/v2\/comments?post=140641"}],"version-history":[{"count":0,"href":"https:\/\/mediarun.com\/pl\/wp-json\/wp\/v2\/posts\/140641\/revisions"}],"wp:featuredmedia":[{"embeddable":true,"href":"https:\/\/mediarun.com\/pl\/wp-json\/wp\/v2\/media\/140643"}],"wp:attachment":[{"href":"https:\/\/mediarun.com\/pl\/wp-json\/wp\/v2\/media?parent=140641"}],"wp:term":[{"taxonomy":"category","embeddable":true,"href":"https:\/\/mediarun.com\/pl\/wp-json\/wp\/v2\/categories?post=140641"},{"taxonomy":"post_tag","embeddable":true,"href":"https:\/\/mediarun.com\/pl\/wp-json\/wp\/v2\/tags?post=140641"}],"curies":[{"name":"wp","href":"https:\/\/api.w.org\/{rel}","templated":true}]}}