{"id":13993,"date":"2011-08-01T21:44:56","date_gmt":"2011-08-01T19:44:56","guid":{"rendered":"https:\/\/mediarun.com\/index.php\/news-posts\/leszek-zaborowski-p-o-dyrektora-programowego-tv-puls\/"},"modified":"2015-03-17T11:29:37","modified_gmt":"2015-03-17T11:29:37","slug":"leszek-zaborowski-p-o-dyrektora-programowego-tv-puls","status":"publish","type":"post","link":"https:\/\/mediarun.com\/pl\/ludzie\/kariera\/leszek-zaborowski-p-o-dyrektora-programowego-tv-puls.html","title":{"rendered":"Leszek Zaborowski p.o. dyrektora programowego TV Puls"},"content":{"rendered":"<p>Zakres jego obowi\u0105zk&oacute;w poszerzy si\u0119 tym samym o planowanie strategii programowej stacji oraz nadz&oacute;r nad budowaniem ram&oacute;wki, zakupami programowymi oraz polsk\u0105 produkcj\u0105.<\/p>\n<p>Leszek Zaborowski ma 20-letnie do\u015bwiadczenie w bran\u017cy mediowej. Przed do\u0142\u0105czeniem do zespo\u0142u TV Puls, co mia\u0142o miejsce 30 maja 2011, pe\u0142ni\u0142 funkcj\u0119 dyrektora kana\u0142&oacute;w Discovery na Europ\u0119 Centraln\u0105. Wcze\u015bniej pracowa\u0142 dla Telewizji Polskiej na stanowisku dyrektora ds. marketingu TVP1 oraz dla Telewizji Polsat, gdzie kierowa\u0142 dzia\u0142em marketingu i promocji.  By\u0142 r&oacute;wnie\u017c zwi\u0105zany z Telekomunikacj\u0105 Polsk\u0105 oraz agencj\u0105 reklamow\u0105 Lintas.<\/p>\n","protected":false},"excerpt":{"rendered":"Leszek Zaborowski, dyrektor marketingu TV Puls, przej\u0105\u0142 obowi\u0105zki p.o. dyrektora programowego od prezesa zarz\u0105du.","protected":false},"author":1,"featured_media":13994,"comment_status":"open","ping_status":"closed","sticky":false,"template":"","format":"standard","meta":{"csco_display_header_overlay":false,"csco_singular_sidebar":"","csco_page_header_type":"","csco_page_load_nextpost":"","csco_post_video_location":[],"csco_post_video_location_hash":"","csco_post_video_url":"","csco_post_video_bg_start_time":0,"csco_post_video_bg_end_time":0,"footnotes":""},"categories":[5909],"tags":[461],"class_list":{"0":"post-13993","1":"post","2":"type-post","3":"status-publish","4":"format-standard","5":"has-post-thumbnail","7":"category-kariera","8":"tag-tv-puls","9":"cs-entry","10":"cs-video-wrap"},"_links":{"self":[{"href":"https:\/\/mediarun.com\/pl\/wp-json\/wp\/v2\/posts\/13993","targetHints":{"allow":["GET"]}}],"collection":[{"href":"https:\/\/mediarun.com\/pl\/wp-json\/wp\/v2\/posts"}],"about":[{"href":"https:\/\/mediarun.com\/pl\/wp-json\/wp\/v2\/types\/post"}],"author":[{"embeddable":true,"href":"https:\/\/mediarun.com\/pl\/wp-json\/wp\/v2\/users\/1"}],"replies":[{"embeddable":true,"href":"https:\/\/mediarun.com\/pl\/wp-json\/wp\/v2\/comments?post=13993"}],"version-history":[{"count":0,"href":"https:\/\/mediarun.com\/pl\/wp-json\/wp\/v2\/posts\/13993\/revisions"}],"wp:featuredmedia":[{"embeddable":true,"href":"https:\/\/mediarun.com\/pl\/wp-json\/wp\/v2\/media\/13994"}],"wp:attachment":[{"href":"https:\/\/mediarun.com\/pl\/wp-json\/wp\/v2\/media?parent=13993"}],"wp:term":[{"taxonomy":"category","embeddable":true,"href":"https:\/\/mediarun.com\/pl\/wp-json\/wp\/v2\/categories?post=13993"},{"taxonomy":"post_tag","embeddable":true,"href":"https:\/\/mediarun.com\/pl\/wp-json\/wp\/v2\/tags?post=13993"}],"curies":[{"name":"wp","href":"https:\/\/api.w.org\/{rel}","templated":true}]}}