{"id":13747,"date":"2011-08-10T12:01:05","date_gmt":"2011-08-10T10:01:05","guid":{"rendered":"https:\/\/mediarun.com\/index.php\/news-posts\/press-service-mocny-start-polskiej-prezydencji-w-mediach\/"},"modified":"2011-08-10T12:01:05","modified_gmt":"2011-08-10T10:01:05","slug":"press-service-mocny-start-polskiej-prezydencji-w-mediach","status":"publish","type":"post","link":"https:\/\/mediarun.com\/pl\/media\/prasa\/press-service-mocny-start-polskiej-prezydencji-w-mediach.html","title":{"rendered":"Press-Service: mocny start polskiej prezydencji w mediach"},"content":{"rendered":"<p>Przeci\u0119tnie w lipcu 2011 roku statystyczny Polak mia\u0142 szans\u0119 zetkn\u0105\u0107 si\u0119 z informacj\u0105 na temat prezydencji a\u017c 821 razy &#8211; poda\u0142a agencja informacyjna Press-Service Monitoring Medi&oacute;w. Zdecydowanie najwi\u0119kszy udzia\u0142 mia\u0142y w tym wyniku portale internetowe.<\/p>\n<p>Opini\u0119 Polak&oacute;w na temat prezydencji kszta\u0142towa\u0142y g\u0142&oacute;wnie materia\u0142y, kt&oacute;re ukaza\u0142y si\u0119 w pierwszym tygodniu lipca, na kt&oacute;ry przypada a\u017c 57 proc. ca\u0142o\u015bci przekazu analizowanego miesi\u0105ca. Dla por&oacute;wnania informacje z ostatniego tygodnia stanowi\u0142y nieca\u0142e 2 proc. wszystkich materia\u0142&oacute;w. \u0141\u0105cznie w lipcu opublikowano 19 573 informacje na temat polskiej prezydencji, przy czym najwi\u0119cej w mediach internetowych (13 734), a zdecydowanie mniej w stacjach radiowych i telewizyjnych (4 142). Najmniejsz\u0105 aktywno\u015bci\u0105 wykazali si\u0119 dziennikarze prasowi, publikuj\u0105c tylko 1 697 tekst&oacute;w.<\/p>\n<p>Radio i telewizja wyemitowa\u0142y podobn\u0105 liczb\u0119 materia\u0142&oacute;w, natomiast pod wzgl\u0119dem czasu wyra\u017an\u0105 przewag\u0119 wykaza\u0142y stacje tv &#8211; ich udzia\u0142 w ca\u0142o\u015bci przekazu audiowizualnego wyni&oacute;s\u0142 ponad 65 proc. <\/p>\n<p>Badanie lipcowych doniesie\u0144 obrazuje r&oacute;wnie\u017c poziom zaanga\u017cowania najwi\u0119kszych polskich miast, kt&oacute;re od pocz\u0105tku prezydencji staraj\u0105 si\u0119 jak najlepiej wykorzysta\u0107 wizerunkowy potencja\u0142 wydarzenia. Z podsumowania wynika, \u017ce a\u017c 43 proc. publikacji na badany temat zawiera\u0142o nazw\u0119 jednego z analizowanych miast. Niekwestionowanym liderem jest pod tym wzgl\u0119dem Warszawa. Nazw\u0119 stolicy wymieniono w blisko 32 proc. materia\u0142&oacute;w, drugiego w tej klasyfikacji, Krakowa, tylko w nieco ponad 6 proc. publikacji, a zamykaj\u0105cego podium Gda\u0144ska &#8211; w 5 proc.<\/p>\n<p>Nieco wi\u0119kszym udzia\u0142em w przekazie dotycz\u0105cym przewodnictwa w UE wykazali si\u0119 politycy &#8211; a\u017c 48 proc. materia\u0142&oacute;w zawiera\u0142o co najmniej jedno nazwisko przedstawiciela tej grupy. Co ciekawe, politycy tak samo cz\u0119sto go\u015bcili w doniesieniach radiowych i telewizyjnych (49,5 proc.), co w internecie (49,2 proc.). Najpopularniejszym politykiem w kontek\u015bcie polskiej prezydencji jest Donald Tusk, obecny w prawie 32 proc. publikacji. Rzadziej wymieniano prezydenta Bronis\u0142awa Komorowskiego (blisko 13 proc.). Lider opozycji, Jaros\u0142aw Kaczy\u0144ski pojawia\u0142 si\u0119 w doniesieniach ponad trzykrotnie rzadziej ni\u017c premier.<\/p>\n<p>Analitycy zbadali r&oacute;wnie\u017c, kt&oacute;re z pa\u0144stw Unii Europejskiej by\u0142o w lipcu najbardziej medialne. Najcz\u0119\u015bciej wzmiankowano o W\u0119grzech, Grecji i Niemczech, najrzadziej wymieniano Malt\u0119.<\/p>\n<p>\u0141\u0105cznie warto\u015b\u0107 doniesie\u0144 medialnych na temat polskiego przewodnictwa w UE oszacowano na ponad 91 mln z\u0142otych. Najwi\u0119cej warte by\u0142y og&oacute;\u0142em informacje w pierwszym tygodniu lipca (prawie 53 mln z\u0142). Przeci\u0119tnie najcenniejsze by\u0142y jednak materia\u0142y z ostatniego tygodnia &#8211; warto\u015b\u0107 jednej publikacji oszacowano na 5 600 z\u0142, podczas gdy w pierwszym tygodniu kszta\u0142towa\u0142a si\u0119 ona na poziomie 4 700 z\u0142.<\/p>\n<p>Na potrzeby raportu &#8222;Polska Prezydencja w UE&#8221; analitycy Press-Service Monitoring Medi&oacute;w przebadali materia\u0142y pochodz\u0105ce z monitoringu ponad 1 100 tytu\u0142&oacute;w prasy og&oacute;lnopolskiej, regionalnej, bran\u017cowej oraz specjalistycznej oraz ponad 2 000 portali internetowych i g\u0142&oacute;wnych kana\u0142&oacute;w RTV.<\/p>\n<p>Pe\u0142ny raport: <a rel=\"nofollow noopener\" href=\"http:\/\/www.press-service.com.pl\/gfx\/pressservice\/files\/polska_prezydencja_w_ue_-_raport_medialny_lipiec_2011.pdf\" target=\"_blank\">www.press-service.com.pl<\/a>.<\/p>\n<p><strong>+ <a href=\"http:\/\/wiadomosci.mediarun.pl\/artykul\/media-telewizja,reakcja-mediow-na-raport-jerzego-millera,10704,4,1,1.html\" target=\"_blank\" rel=\"noopener\">Reakcja medi&oacute;w na raport Jerzego Millera<\/a><\/strong><\/p>\n","protected":false},"excerpt":{"rendered":"Na podstawie liczby doniesie\u0144 medialnych mo\u017cna wnioskowa\u0107, \u017ce spo\u0142eczny poziom wiedzy na temat polskiego przewodnictwa w Radzie Unii Europejskiej powinien by\u0107 wysoki.","protected":false},"author":1,"featured_media":13748,"comment_status":"open","ping_status":"closed","sticky":false,"template":"","format":"standard","meta":{"csco_display_header_overlay":false,"csco_singular_sidebar":"","csco_page_header_type":"","csco_page_load_nextpost":"","csco_post_video_location":[],"csco_post_video_location_hash":"","csco_post_video_url":"","csco_post_video_bg_start_time":0,"csco_post_video_bg_end_time":0,"footnotes":""},"categories":[9673],"tags":[208],"class_list":{"0":"post-13747","1":"post","2":"type-post","3":"status-publish","4":"format-standard","5":"has-post-thumbnail","7":"category-prasa","8":"tag-press-service","9":"cs-entry","10":"cs-video-wrap"},"_links":{"self":[{"href":"https:\/\/mediarun.com\/pl\/wp-json\/wp\/v2\/posts\/13747","targetHints":{"allow":["GET"]}}],"collection":[{"href":"https:\/\/mediarun.com\/pl\/wp-json\/wp\/v2\/posts"}],"about":[{"href":"https:\/\/mediarun.com\/pl\/wp-json\/wp\/v2\/types\/post"}],"author":[{"embeddable":true,"href":"https:\/\/mediarun.com\/pl\/wp-json\/wp\/v2\/users\/1"}],"replies":[{"embeddable":true,"href":"https:\/\/mediarun.com\/pl\/wp-json\/wp\/v2\/comments?post=13747"}],"version-history":[{"count":0,"href":"https:\/\/mediarun.com\/pl\/wp-json\/wp\/v2\/posts\/13747\/revisions"}],"wp:featuredmedia":[{"embeddable":true,"href":"https:\/\/mediarun.com\/pl\/wp-json\/wp\/v2\/media\/13748"}],"wp:attachment":[{"href":"https:\/\/mediarun.com\/pl\/wp-json\/wp\/v2\/media?parent=13747"}],"wp:term":[{"taxonomy":"category","embeddable":true,"href":"https:\/\/mediarun.com\/pl\/wp-json\/wp\/v2\/categories?post=13747"},{"taxonomy":"post_tag","embeddable":true,"href":"https:\/\/mediarun.com\/pl\/wp-json\/wp\/v2\/tags?post=13747"}],"curies":[{"name":"wp","href":"https:\/\/api.w.org\/{rel}","templated":true}]}}