{"id":136294,"date":"2014-07-10T10:58:48","date_gmt":"2014-07-10T08:58:48","guid":{"rendered":"https:\/\/mediarun.com\/pl\/?post_type=news&#038;p=136294"},"modified":"2015-05-16T12:17:11","modified_gmt":"2015-05-16T10:17:11","slug":"zmiany-w-ogilvy-mather-advertising","status":"publish","type":"post","link":"https:\/\/mediarun.com\/pl\/ludzie\/kariera\/zmiany-w-ogilvy-mather-advertising.html","title":{"rendered":"Zmiany w Ogilvy &#038; Mather Advertising"},"content":{"rendered":"<p>&nbsp;<\/p>\n<p class=\"p1\">&#8211; Jestem bardzo wdzi\u0119czna Wojtkowi za 8 lat pracy w strukturze Ogilvy, przede wszystkim za jego zaanga\u017cowanie i profesjonalizm na najwy\u017cszym poziomie. \u017bycz\u0119 mu kolejnych sukces\u00f3w, co najmniej takich jak rozwini\u0119cie dzia\u0142alno\u015bci Soho Square<span class=\"s1\">, w tym stworzenie<\/span> i zarz\u0105dzanie regionalnym biurem EMEA dla marki Avon, kt\u00f3re pracowa\u0142o dla ponad 25 rynk\u00f3w na \u015bwiecie, czy nadzorowanie w ramach Ogilvy<span class=\"s1\"> &amp; <\/span>Mather niezapomnianych kampanii z Chuckiem Norrisem dla BZ WBK, Adamiakow\u0105 dla Biedronki, <span class=\"s1\">\u201eObi tak to robi\u201d dla OBI oraz<\/span> \u201eLimity i ograniczenia nie interesuj\u0105 mnie\u201d dla nju mobile \u2013 m\u00f3wi Olga Sobieraj, CEO Ogilvy &amp; Mather.<\/p>\n<p class=\"p1\">&#8211; To by\u0142o ponad 8 lat bardzo intensywnej pracy i zdobywania unikalnych do\u015bwiadcze\u0144. Czas sp\u0119dzony w Ogilvy &amp; Mather da\u0142 mi mo\u017cliwo\u015b\u0107 \u0142\u0105czenia osobistego rozwoju z realizacj\u0105 bardzo ciekawych projekt\u00f3w<span class=\"s1\">,<\/span> wsp\u00f3lnie z absolutnie niezwyk\u0142ymi i utalentowanymi lud\u017ami &#8211; m\u00f3wi Putrzy\u0144ski<span class=\"s1\">.\u00a0<\/span><\/p>\n<p class=\"p1\"><span class=\"s1\">&#8211; <\/span>Po 20 latach w bran\u017cy przyszed\u0142 moment, w kt\u00f3rym postanowi\u0142em po\u015bwi\u0119ci\u0107 kilka miesi\u0119cy wy\u0142\u0105cznie temu, \u017ceby z jednej strony uporz\u0105dkowa\u0107 swoje sprawy osobiste, a z drugiej &#8211; spojrze\u0107 na t\u0119 bran\u017c\u0119 i perspektywy jej rozwoju z dystansu, bo jest to wci\u0105\u017c moja wielka pasja.<span class=\"Apple-converted-space\">\u00a0 <\/span>Swoim przyjacio\u0142om z Ogilvy &amp; Mather obieca\u0142em, \u017ce w tym czasie b\u0119d\u0119 trzyma\u0107 za nich kciuki, \u017ceby dalej robili \u015bwietne rzeczy i b\u0142yszczeli w bran\u017cy &#8211; dodaje.<\/p>\n<p class=\"p1\">Wojciech Putrzy\u0144ski na pocz\u0105tku swojej kariery w\u00a0strukturze Ogilvy &amp; Mather sta\u0142 na czele struktur Soho Square oraz Mather Communications, nast\u0119pnie w czerwcu 2012 roku obj\u0105\u0142 funkcj\u0119 dyrektora zarz\u0105dzaj\u0105cego Ogilvy &amp; Mather Advertising.<\/p>\n<p>&nbsp;<\/p>\n","protected":false},"excerpt":{"rendered":"Wojciech Putrzy\u0144ski, dotychczasowy managing director Ogilvy &#038; Mather Advertising, rozstaje si\u0119 z agencj\u0105. Za ca\u0142o\u015b\u0107 operacji Ogilvy &#038; Mather Advertising odpowiada\u0107 b\u0119d\u0105 szefowe team\u00f3w accounckich, raportuj\u0105ce do CEO grupy Ogilvy &#038; Mather, Olgi Sobieraj.","protected":false},"author":2,"featured_media":136298,"comment_status":"open","ping_status":"closed","sticky":false,"template":"","format":"standard","meta":{"csco_display_header_overlay":false,"csco_singular_sidebar":"","csco_page_header_type":"","csco_page_load_nextpost":"","csco_post_video_location":[],"csco_post_video_location_hash":"","csco_post_video_url":"","csco_post_video_bg_start_time":0,"csco_post_video_bg_end_time":0,"footnotes":""},"categories":[5909],"tags":[9640,283],"class_list":{"0":"post-136294","1":"post","2":"type-post","3":"status-publish","4":"format-standard","5":"has-post-thumbnail","7":"category-kariera","8":"tag-marketing","9":"tag-ogilvymather","10":"cs-entry","11":"cs-video-wrap"},"_links":{"self":[{"href":"https:\/\/mediarun.com\/pl\/wp-json\/wp\/v2\/posts\/136294","targetHints":{"allow":["GET"]}}],"collection":[{"href":"https:\/\/mediarun.com\/pl\/wp-json\/wp\/v2\/posts"}],"about":[{"href":"https:\/\/mediarun.com\/pl\/wp-json\/wp\/v2\/types\/post"}],"author":[{"embeddable":true,"href":"https:\/\/mediarun.com\/pl\/wp-json\/wp\/v2\/users\/2"}],"replies":[{"embeddable":true,"href":"https:\/\/mediarun.com\/pl\/wp-json\/wp\/v2\/comments?post=136294"}],"version-history":[{"count":0,"href":"https:\/\/mediarun.com\/pl\/wp-json\/wp\/v2\/posts\/136294\/revisions"}],"wp:featuredmedia":[{"embeddable":true,"href":"https:\/\/mediarun.com\/pl\/wp-json\/wp\/v2\/media\/136298"}],"wp:attachment":[{"href":"https:\/\/mediarun.com\/pl\/wp-json\/wp\/v2\/media?parent=136294"}],"wp:term":[{"taxonomy":"category","embeddable":true,"href":"https:\/\/mediarun.com\/pl\/wp-json\/wp\/v2\/categories?post=136294"},{"taxonomy":"post_tag","embeddable":true,"href":"https:\/\/mediarun.com\/pl\/wp-json\/wp\/v2\/tags?post=136294"}],"curies":[{"name":"wp","href":"https:\/\/api.w.org\/{rel}","templated":true}]}}