{"id":13599,"date":"2011-08-16T18:25:20","date_gmt":"2011-08-16T16:25:20","guid":{"rendered":"https:\/\/mediarun.com\/index.php\/news-posts\/przekroj-ma-nowego-naczelnego\/"},"modified":"2011-08-16T18:25:20","modified_gmt":"2011-08-16T16:25:20","slug":"przekroj-ma-nowego-naczelnego","status":"publish","type":"post","link":"https:\/\/mediarun.com\/pl\/media\/prasa\/przekroj-ma-nowego-naczelnego.html","title":{"rendered":"Przekr\u00f3j ma nowego naczelnego"},"content":{"rendered":"<p>Szyller od ko\u0144ca marca tego roku by\u0142 zast\u0119pc\u0105 Rumianka. W Przekroju pracuje od 2010 roku. Wcze\u015bniej by\u0142 mi\u0119dzy innymi szefem dzia\u0142u Kraj Dziennika.<\/p>\n<p>W stopce redakcyjnej Przekroju Szyller jako p.o. redaktor naczelny pojawi si\u0119 ju\u017c w najbli\u017cszym numerze tygodnika &#8211; 22 sierpnia. Jego zast\u0119pc\u0105 b\u0119dzie Piotr Witek &#8211; dot\u0105d sekretarz redakcji.<\/p>\n<p>Obowi\u0105zki redaktora naczelnego wydawanego tak\u017ce przez Wydawnictwo Przekr&oacute;j miesi\u0119cznika Sukces b\u0119dzie pe\u0142ni\u0107 Agata Daniluk, kt&oacute;ra kierowa\u0142a ju\u017c tytu\u0142em do marca tego roku. Przygotuje ona numer pa\u017adziernikowy pisma.<\/p>\n<p>Artur Rumianek, dotychczasowy naczelny obu pism, b\u0119dzie pe\u0142nomocnikiem ds. programowych sp&oacute;\u0142ki Gremi Media, kontrolowanej podobnie jak Wydawnictwo Przekr&oacute;j przez krakowskiego biznesmena Grzegorza Hajdarowicza.<\/p>\n<p>1 lipca sp&oacute;\u0142ka poinformowa\u0142a, \u017ce zawar\u0142a umow\u0119 nabycia sp&oacute;\u0142ki Mecom Poland Holdings SA, do kt&oacute;rej nale\u017cy 51,01 proc. udzia\u0142&oacute;w sp&oacute;\u0142ki Presspublica, wydaj\u0105cej m.in. dziennik Rzeczpospolita. Transakcja czeka na akceptacj\u0119 Urz\u0119du Ochrony Konkurencji i Konsument&oacute;w.<\/p>\n","protected":false},"excerpt":{"rendered":"Donat Szyller przejmie obowi\u0105zki redaktora naczelnego tygodnika Przekr&oacute;j od Artura Rumianka, kt&oacute;ry przenosi si\u0119 do sp&oacute;\u0142ki Gremi Media.","protected":false},"author":1,"featured_media":13600,"comment_status":"open","ping_status":"closed","sticky":false,"template":"","format":"standard","meta":{"csco_display_header_overlay":false,"csco_singular_sidebar":"","csco_page_header_type":"","csco_page_load_nextpost":"","csco_post_video_location":[],"csco_post_video_location_hash":"","csco_post_video_url":"","csco_post_video_bg_start_time":0,"csco_post_video_bg_end_time":0,"footnotes":""},"categories":[9673],"tags":[912],"class_list":{"0":"post-13599","1":"post","2":"type-post","3":"status-publish","4":"format-standard","5":"has-post-thumbnail","7":"category-prasa","8":"tag-przekroj","9":"cs-entry","10":"cs-video-wrap"},"_links":{"self":[{"href":"https:\/\/mediarun.com\/pl\/wp-json\/wp\/v2\/posts\/13599","targetHints":{"allow":["GET"]}}],"collection":[{"href":"https:\/\/mediarun.com\/pl\/wp-json\/wp\/v2\/posts"}],"about":[{"href":"https:\/\/mediarun.com\/pl\/wp-json\/wp\/v2\/types\/post"}],"author":[{"embeddable":true,"href":"https:\/\/mediarun.com\/pl\/wp-json\/wp\/v2\/users\/1"}],"replies":[{"embeddable":true,"href":"https:\/\/mediarun.com\/pl\/wp-json\/wp\/v2\/comments?post=13599"}],"version-history":[{"count":0,"href":"https:\/\/mediarun.com\/pl\/wp-json\/wp\/v2\/posts\/13599\/revisions"}],"wp:featuredmedia":[{"embeddable":true,"href":"https:\/\/mediarun.com\/pl\/wp-json\/wp\/v2\/media\/13600"}],"wp:attachment":[{"href":"https:\/\/mediarun.com\/pl\/wp-json\/wp\/v2\/media?parent=13599"}],"wp:term":[{"taxonomy":"category","embeddable":true,"href":"https:\/\/mediarun.com\/pl\/wp-json\/wp\/v2\/categories?post=13599"},{"taxonomy":"post_tag","embeddable":true,"href":"https:\/\/mediarun.com\/pl\/wp-json\/wp\/v2\/tags?post=13599"}],"curies":[{"name":"wp","href":"https:\/\/api.w.org\/{rel}","templated":true}]}}