{"id":13507,"date":"2011-08-19T11:55:07","date_gmt":"2011-08-19T09:55:07","guid":{"rendered":"https:\/\/mediarun.com\/index.php\/news-posts\/politycy-na-facebooku-czyli-kampania-wyborcza-w-social-mediach-komentarz\/"},"modified":"2015-01-13T01:28:31","modified_gmt":"2015-01-13T01:28:31","slug":"politycy-na-facebooku-czyli-kampania-wyborcza-w-social-mediach-komentarz","status":"publish","type":"post","link":"https:\/\/mediarun.com\/pl\/digital\/social-media\/politycy-na-facebooku-czyli-kampania-wyborcza-w-social-mediach-komentarz.html","title":{"rendered":"Politycy na Facebooku, czyli kampania wyborcza w social mediach (komentarz)"},"content":{"rendered":"<p>W trakcie trwaj\u0105cej w\u0142a\u015bnie kampanii, politycy zaczynaj\u0105 zdawa\u0107 sobie spraw\u0119, \u017ce obecno\u015b\u0107 w sieci pozwala na szybki, tani i nieograniczony kontakt z wyborc\u0105. Jednak nie wszyscy potrafi\u0105 ten potencja\u0142 tkwi\u0105cy w mediach spo\u0142eczno\u015bciowych umiej\u0119tnie wykorzysta\u0107.<\/p>\n<p><strong>Polityk &#8211; wyborca, czyli social media bez barier<\/strong><\/p>\n<p>Polscy politycy coraz cz\u0119\u015bciej zaczynaj\u0105 zdawa\u0107 sobie spraw\u0119 z popularno\u015bci Internetu i jego ogromnego potencja\u0142u. W przeciwie\u0144stwie do telewizji, prasy, czy radia, tutaj mog\u0105 mie\u0107 nieograniczony wr\u0119cz dost\u0119p do interesuj\u0105cej ich grupy odbiorc&oacute;w oraz niereglamentowany &#8222;czas antenowy&#8221;. Bez wielkich nak\u0142ad&oacute;w finansowych, korzystaj\u0105c z najpopularniejszych serwis&oacute;w spo\u0142eczno\u015bciowych, mog\u0105 zbudowa\u0107 szeroki zasi\u0119g swoich dzia\u0142a\u0144 poprzez aktywizacj\u0119 odbiorc&oacute;w i ich p&oacute;\u017aniejsze zaanga\u017cowanie. Z jednej strony mamy wi\u0119c wolno\u015b\u0107 s\u0142owa i mo\u017cliwo\u015b\u0107 formowania swoich my\u015bli bez ingerencji os&oacute;b trzecich, z drugiej  &#8211; wyborc\u0119, kt&oacute;ry decyduje, czy chce mie\u0107 bezpo\u015bredni kontakt z tym, co napisa\u0142 polityk i czy chce podj\u0105\u0107 z nim interakcj\u0119 poprzez dodanie komentarza otwieraj\u0105cego dyskusj\u0119. Dzi\u0119ki temu burzona jest bariera mi\u0119dzy wyborc\u0105 a politykiem, kt&oacute;r\u0105 do tej pory mo\u017cna by\u0142o cz\u0119\u015bciowo przekroczy\u0107 jedynie na wiecach wyborczych. To t\u0142umaczy stale rosn\u0105c\u0105 aktywno\u015b\u0107 polityk&oacute;w w social mediach.<\/p>\n<p><strong><br \/>Czas na Naczasa, czyli social media made in Poland<\/strong><\/p>\n<p>Kampania wyborcza p&oacute;ki co toczy si\u0119 jednak nadal dosy\u0107 wolno i to g\u0142&oacute;wnie w telewizji oraz outdoorze. Nie oznacza to jednak, \u017ce w mediach spo\u0142eczno\u015bciowych brakuje aktywno\u015bci kandydat&oacute;w na pos\u0142&oacute;w i senator&oacute;w. Szczeg&oacute;lnie widoczna jest ekspansja polityk&oacute;w z lewej strony sceny politycznej. Hitem Internetu ostatnich dni jest piosenka wyborcza kandydata Sojuszu Lewicy Demokratycznej \u0141ukasza Naczasa, kt&oacute;ra stylistycznie nawi\u0105zuje do teledysku ze s\u0142ynnymi &#8222;Anio\u0142kami Napieralskiego&#8221;. Sam polityk intensywnie korzysta z kana\u0142&oacute;w social media, a zw\u0142aszcza popularnych mikroblog&oacute;w. Posiada r&oacute;wnie\u017c sw&oacute;j profil na Facebooku, a tak\u017ce kana\u0142 na Youtube. Kandydat SLD buduje tym samym wizerunek m\u0142odego, nowoczesnego i otwartego polityka, kt&oacute;rego maj\u0105 &#8222;polubi\u0107&#8221; przede wszystkim w\u0142a\u015bnie ludzie m\u0142odzi.<\/p>\n<p>Innym przyk\u0142adem jest posta\u0107 Bartosza Ar\u0142ukowicza, kt&oacute;ry jest jednym z najaktywniejszych u\u017cytkownik&oacute;w social media w\u015br&oacute;d polityk&oacute;w. Jako jeden z pierwszych zacz\u0105\u0142 korzysta\u0107 z Google+, aktywnie dzia\u0142a te\u017c na Facebooku nie ograniczaj\u0105c swojej komunikacji tylko i wy\u0142\u0105cznie do \u017cycia politycznego. W du\u017cym stopniu w\u0142a\u015bnie dzi\u0119ki aktywno\u015bci w social mediach Ar\u0142ukowicz zyska\u0142 status celebryty politycznego. Potwierdzeniem tego by\u0142y emocje internaut&oacute;w i tysi\u0105ce komentarzy w sieci wywo\u0142ane jego s\u0142ynnym transferem do Platformy Obywatelskiej.<\/p>\n<p>Bior\u0105c pod lup\u0119 natomiast dzia\u0142alno\u015b\u0107 samych partii politycznych w social media nie mo\u017cna nie wspomnie\u0107 o oficjalnej stronie na Facebooku Platformy Obywatelskiej, kt&oacute;r\u0105 obserwuje ponad 16 tysi\u0119cy u\u017cytkownik&oacute;w. Co wa\u017cne, dzia\u0142ania najpopularniejszej partii to nie tylko jednostronna komunikacja, ale r&oacute;wnie\u017c narz\u0119dzia aktywizuj\u0105ce spo\u0142eczno\u015b\u0107 czego przyk\u0142adem jest ostatnia gra &#8222;Platformu\u0142a&#8221; zaprojektowana specjalnie na czas kampanii wyborczej. W przypadku Sojuszu Lewicy Demokratycznej, czy Prawa i Sprawiedliwo\u015bci &#8211; brakuje natomiast wsp&oacute;lnej platformy komunikacji. Nacisk po\u0142o\u017cono widocznie na okr\u0119gi lokalne, czy samych polityk&oacute;w.<\/p>\n<p><strong>Social media &#8211; niewykorzystany potencja\u0142<\/strong><\/p>\n<p>Na Facebooku znajdziemy r&oacute;wnie\u017c prywatne profile m. in. europos\u0142a Marka Migalskiego, pos\u0142anki Joanny Kluzik &#8211; Rostkowskiej, ministra sprawiedliwo\u015bci &#8211; Krzysztofa Kwiatkowskiego, pos\u0142a Adama Szejnfelda, czy wreszcie oficjaln\u0105 stron\u0119 rzecznika rz\u0105du &#8211; Paw\u0142a Grasia. Ka\u017cdego z wymienionych polityk&oacute;w obserwuje od kilkuset do kilku tysi\u0119cy u\u017cytkownik&oacute;w mniej lub bardziej zainteresowanych dyskusj\u0105 z nimi.  Na tych profilach dominuj\u0105 jednak g\u0142&oacute;wnie zaproszenia na konferencje, czy spotkania z wyborcami, promocje artyku\u0142&oacute;w na blogach, czy wreszcie kr&oacute;tkie i niezbyt liczne komentarze dotycz\u0105ce bie\u017c\u0105cych spraw. Trudno nie odnie\u015b\u0107 wra\u017cenia, \u017ce wi\u0119kszo\u015bci tych dzia\u0142a\u0144 brakuje pomys\u0142u, polotu oraz prawdziwego zaanga\u017cowania samych polityk&oacute;w, kt&oacute;rzy niezmiernie rzadko sami bior\u0105 udzia\u0142 w dyskusji z u\u017cytkownikami.<\/p>\n<p>Sama obecno\u015b\u0107 w mediach spo\u0142eczno\u015bciowych to zdecydowanie za ma\u0142o &#8211; z tego kana\u0142u trzeba korzysta\u0107 umiej\u0119tnie. Nie mo\u017cemy zapomnie\u0107, \u017ce m\u0142odzi ludzie regularnie korzystaj\u0105cy z tego typu serwis&oacute;w s\u0105 cz\u0119sto negatywnie nastawieni do \u017cycia politycznego w Polsce i trudno si\u0119 dziwi\u0107, \u017ce nie zawsze kampanie wizerunkowe polityk&oacute;w spotykaj\u0105 si\u0119 z pozytywnym odbiorem. Internauci szczeg&oacute;lnie wyczuleni s\u0105 w\u0142a\u015bnie na fa\u0142sz i  brak pomys\u0142u na obecno\u015b\u0107 w sieci. Najcz\u0119stszym b\u0142\u0119dem jest wi\u0119c nieprowadzenie profilu przez samego polityka (np. profil Jaros\u0142awa Kaczy\u0144skiego), niska, a czasami zerowa cz\u0119stotliwo\u015b\u0107 wpis&oacute;w (np. profil ministra rolnictwa &#8211; Marka Sawickiego) czy wreszcie brak interakcji z u\u017cytkownikami (np. profil prezydenta Bronis\u0142awa Komorowskiego). A przecie\u017c social media to g\u0142&oacute;wnie interakcje i powstaj\u0105ce na ich podstawie relacje mi\u0119dzyludzkie. Przed politykami jeszcze sporo wi\u0119c pracy. Szczeg&oacute;lnie w\u015br&oacute;d tych reprezentuj\u0105cych starsze pokolenie, dla kt&oacute;rych nowe technologie i nowe media nie s\u0105 do ko\u0144ca zrozumia\u0142e. Mimo to nale\u017cy doceni\u0107 fakt, \u017ce cz\u0119\u015b\u0107 z nich decyduje si\u0119 na ten &#8222;wizerunkowy eksperyment&#8221; i pr&oacute;buje z lepszym lub gorszym skutkiem prowadzi\u0107 tego typu dzia\u0142ania. By\u0107 mo\u017ce wyborcy to doceni\u0105.<\/p>\n<p><strong>&nbsp;&nbsp;&nbsp;&nbsp; Maciej Dutkowski, community manager, MRM Worldwide<\/strong><\/p>\n","protected":false},"excerpt":{"rendered":"Social media staj\u0105 si\u0119 coraz wa\u017cniejszym kana\u0142em komunikacji z wyborcami i miejscem debaty politycznej.","protected":false},"author":1,"featured_media":13508,"comment_status":"open","ping_status":"closed","sticky":false,"template":"","format":"standard","meta":{"csco_display_header_overlay":false,"csco_singular_sidebar":"","csco_page_header_type":"","csco_page_load_nextpost":"","csco_post_video_location":[],"csco_post_video_location_hash":"","csco_post_video_url":"","csco_post_video_bg_start_time":0,"csco_post_video_bg_end_time":0,"footnotes":""},"categories":[9658,20],"tags":[128,895,1803,1712],"class_list":{"0":"post-13507","1":"post","2":"type-post","3":"status-publish","4":"format-standard","5":"has-post-thumbnail","7":"category-branding","8":"category-social-media","9":"tag-facebook","10":"tag-kampania-informacyjna","11":"tag-kampania-wyborcza","12":"tag-mrm-worldwide","13":"cs-entry","14":"cs-video-wrap"},"_links":{"self":[{"href":"https:\/\/mediarun.com\/pl\/wp-json\/wp\/v2\/posts\/13507","targetHints":{"allow":["GET"]}}],"collection":[{"href":"https:\/\/mediarun.com\/pl\/wp-json\/wp\/v2\/posts"}],"about":[{"href":"https:\/\/mediarun.com\/pl\/wp-json\/wp\/v2\/types\/post"}],"author":[{"embeddable":true,"href":"https:\/\/mediarun.com\/pl\/wp-json\/wp\/v2\/users\/1"}],"replies":[{"embeddable":true,"href":"https:\/\/mediarun.com\/pl\/wp-json\/wp\/v2\/comments?post=13507"}],"version-history":[{"count":0,"href":"https:\/\/mediarun.com\/pl\/wp-json\/wp\/v2\/posts\/13507\/revisions"}],"wp:featuredmedia":[{"embeddable":true,"href":"https:\/\/mediarun.com\/pl\/wp-json\/wp\/v2\/media\/13508"}],"wp:attachment":[{"href":"https:\/\/mediarun.com\/pl\/wp-json\/wp\/v2\/media?parent=13507"}],"wp:term":[{"taxonomy":"category","embeddable":true,"href":"https:\/\/mediarun.com\/pl\/wp-json\/wp\/v2\/categories?post=13507"},{"taxonomy":"post_tag","embeddable":true,"href":"https:\/\/mediarun.com\/pl\/wp-json\/wp\/v2\/tags?post=13507"}],"curies":[{"name":"wp","href":"https:\/\/api.w.org\/{rel}","templated":true}]}}