{"id":13465,"date":"2011-08-22T14:57:57","date_gmt":"2011-08-22T12:57:57","guid":{"rendered":"https:\/\/mediarun.com\/index.php\/news-posts\/drozeja-reklamy-w-radiu-zet\/"},"modified":"2011-08-22T14:57:57","modified_gmt":"2011-08-22T12:57:57","slug":"drozeja-reklamy-w-radiu-zet","status":"publish","type":"post","link":"https:\/\/mediarun.com\/pl\/media\/radio\/drozeja-reklamy-w-radiu-zet.html","title":{"rendered":"Dro\u017cej\u0105 reklamy w Radiu Zet"},"content":{"rendered":"<p>Nowa oferta handlowa zacznie obowi\u0105zywa\u0107 od 5 wrze\u015bnia br. \u015aredni koszt 30-sekundowego spotu w Radiu Zet b\u0119dzie wy\u017cszy o 5,5 proc. w stosunku do dotychczasowych taryf. Tym samym wzrosn\u0105 \u015brednie ceny w ofertach: Zet Barometr, Zet Barometr+, Zet Total. Zmianie ulegnie r&oacute;wnie\u017c cennik Pakietu Niezale\u017cnych, do kt&oacute;rego niedawno do\u0142\u0105czy\u0142o Radio Konin, a wkr&oacute;tce do\u0142\u0105cz\u0105 kolejne stacje lokalne.<\/p>\n<p>Ceny w pozosta\u0142ych produktach oferowanych przez RRM &#8211; Dom Sprzeda\u017cy Radia (biuro reklamy Eurozet) zostaj\u0105 utrzymane na dotychczasowym poziomie.<\/p>\n<p>&#8211; Korzystna koniunktura na rynku reklamy radiowej przy jednocze\u015bnie zwi\u0119kszonym zainteresowaniu reklamodawc&oacute;w ofert\u0105 Eurozet sk\u0142oni\u0142y nas do podj\u0119cia decyzji o wprowadzeniu nowych cen reklam w Radiu Zet. Zmieniamy je po raz pierwszy od trzech lat. W tym samym czasie nasz krakowski konkurent przeprowadzi\u0142 seri\u0119 podwy\u017cek, w wyniku kt&oacute;rych ceny reklam w RMF FM wzros\u0142y o blisko 1\/3. Nale\u017cy przy tym podkre\u015bli\u0107, \u017ce w ostatnim roku dystans s\u0142uchalno\u015bci mi\u0119dzy naszymi stacjami istotnie si\u0119 zmniejszy\u0142, a pozycja Radia Zet jest stabilna &#8211; m&oacute;wi Jaromir Sroga, dyrektor sprzeda\u017cy i marketingu Grupy Eurozet.<\/p>\n<p><strong>+ <a href=\"http:\/\/wiadomosci.mediarun.pl\/artykul\/media-radio,trwa-tendencja-spadkowa-rmf-fm-radio-zet-w-gore,10694,4,1,1.html\" target=\"_blank\" rel=\"noopener\">Trwa tendencja spadkowa RMF FM, Radio Zet w g&oacute;r\u0119<\/a><br \/>+ <a href=\"http:\/\/wiadomosci.mediarun.pl\/artykul\/media-radio,warszawiacy-najczesciej-sluchaja-radia-zet,10702,4,1,1.html\" target=\"_blank\" rel=\"noopener\">Warszawiacy najcz\u0119\u015bciej s\u0142uchaj\u0105 Radia Zet<\/a><\/strong><\/p>\n","protected":false},"excerpt":{"rendered":"Wraz z jesienn\u0105 ram&oacute;wk\u0105, po raz pierwszy od trzech lat, zmieni\u0105 si\u0119 ceny reklam w Radiu Zet. Do Pakietu Niezale\u017cnych do\u0142\u0105cz\u0105 kolejne stacje.","protected":false},"author":1,"featured_media":13466,"comment_status":"open","ping_status":"closed","sticky":false,"template":"","format":"standard","meta":{"csco_display_header_overlay":false,"csco_singular_sidebar":"","csco_page_header_type":"","csco_page_load_nextpost":"","csco_post_video_location":[],"csco_post_video_location_hash":"","csco_post_video_url":"","csco_post_video_bg_start_time":0,"csco_post_video_bg_end_time":0,"footnotes":""},"categories":[9672],"tags":[174],"class_list":{"0":"post-13465","1":"post","2":"type-post","3":"status-publish","4":"format-standard","5":"has-post-thumbnail","7":"category-radio","8":"tag-eurozet","9":"cs-entry","10":"cs-video-wrap"},"_links":{"self":[{"href":"https:\/\/mediarun.com\/pl\/wp-json\/wp\/v2\/posts\/13465","targetHints":{"allow":["GET"]}}],"collection":[{"href":"https:\/\/mediarun.com\/pl\/wp-json\/wp\/v2\/posts"}],"about":[{"href":"https:\/\/mediarun.com\/pl\/wp-json\/wp\/v2\/types\/post"}],"author":[{"embeddable":true,"href":"https:\/\/mediarun.com\/pl\/wp-json\/wp\/v2\/users\/1"}],"replies":[{"embeddable":true,"href":"https:\/\/mediarun.com\/pl\/wp-json\/wp\/v2\/comments?post=13465"}],"version-history":[{"count":0,"href":"https:\/\/mediarun.com\/pl\/wp-json\/wp\/v2\/posts\/13465\/revisions"}],"wp:featuredmedia":[{"embeddable":true,"href":"https:\/\/mediarun.com\/pl\/wp-json\/wp\/v2\/media\/13466"}],"wp:attachment":[{"href":"https:\/\/mediarun.com\/pl\/wp-json\/wp\/v2\/media?parent=13465"}],"wp:term":[{"taxonomy":"category","embeddable":true,"href":"https:\/\/mediarun.com\/pl\/wp-json\/wp\/v2\/categories?post=13465"},{"taxonomy":"post_tag","embeddable":true,"href":"https:\/\/mediarun.com\/pl\/wp-json\/wp\/v2\/tags?post=13465"}],"curies":[{"name":"wp","href":"https:\/\/api.w.org\/{rel}","templated":true}]}}