{"id":13387,"date":"2011-08-24T13:13:26","date_gmt":"2011-08-24T11:13:26","guid":{"rendered":"https:\/\/mediarun.com\/index.php\/news-posts\/eska-tv-blizej-widza-i-social-mediow\/"},"modified":"2011-08-24T13:13:26","modified_gmt":"2011-08-24T11:13:26","slug":"eska-tv-blizej-widza-i-social-mediow","status":"publish","type":"post","link":"https:\/\/mediarun.com\/pl\/media\/tv\/eska-tv-blizej-widza-i-social-mediow.html","title":{"rendered":"Eska TV bli\u017cej widza i social medi\u00f3w"},"content":{"rendered":"<p>Pierwsz\u0105 nowo\u015bci\u0105 jesiennej ram&oacute;wki b\u0119dzie program <strong>&#8222;Co si\u0119 s\u0142ucha&#8221;<\/strong>, w kt&oacute;rym VJe Eska TV wychodz\u0105 ze studia i rozmawiaj\u0105 z napotkanymi m\u0142odymi lud\u017ami o tym, jakiej muzyki aktualnie s\u0142uchaj\u0105.<\/p>\n<p>Kolejna propozycja powstaj\u0105ca poza studiem, na ulicach polskich miast to <strong>&#8222;Miejska Lista&#8221;.<\/strong> W programie widzowie dowiedz\u0105 si\u0119, czego s\u0142ucha Wroc\u0142aw, Warszawa, Pozna\u0144, Krak&oacute;w i czy s\u0105 to muzycznie zbli\u017cone, czy ca\u0142kiem inne miasta.<\/p>\n<p>W programie o nazwie <strong>&#8222;FaceLista&#8221; <\/strong>Eska TV zamierza powi\u0105za\u0107 ze sob\u0105 dwa kana\u0142y komunikacji &#8211; anten\u0119 i fanpage stacji na Facebooku. Co tydzie\u0144 na antenie prezentowane b\u0119d\u0105 klipy wybrane przez fan&oacute;w  profilu Eska TV.<\/p>\n<p>Codzienne informacje ze \u015bwiata muzyki i show businessu od wrze\u015bnia b\u0119d\u0105 pojawia\u0107 si\u0119 w programie <strong>&#8222;Hot Plota&#8221; <\/strong>(dotychczas &#8222;Wazzzup&#8221;). W jesiennej ram&oacute;wce z widzami spotkaj\u0105 si\u0119 te\u017c znani z anteny Eski TV VJe &#8211; Jankes, Mrozu, Puoteck, YoAnka (na zdj\u0119ciu) i inni &#8211; prowadz\u0105cy swoje sta\u0142e programy, w od\u015bwie\u017conej formule.<\/p>\n<p>&#8211; Wci\u0105\u017c szukamy nowych rozwi\u0105za\u0144 pozwalaj\u0105cych nam by\u0107 na czasie i jeszcze bli\u017cej naszych widz&oacute;w. St\u0105d mi\u0119dzy innymi koncepcja zaanga\u017cowania widz&oacute;w Eska TV na Facebooku, kt&oacute;ry dla znakomitej wi\u0119kszo\u015bci z nich jest &#8222;\u015brodowiskiem naturalnym&#8221;.  Poza tym &#8211; podobnie jak latem &#8211;  nie chcemy zamyka\u0107 si\u0119 w czterech \u015bcianach studia, wychodzimy na ulice i wsz\u0119dzie tam, gdzie jest muzyka i ludzie, kt&oacute;rzy j\u0105 kochaj\u0105. Spotykamy si\u0119, rozmawiamy, wzajemnie inspirujemy i ca\u0142y czas si\u0119 zmieniamy &#8211; m&oacute;wi Maciej Domaga\u0142a, dyrektor zarz\u0105dzaj\u0105cy Eska TV.<\/p>\n<p>Gwo\u017adziem programu we wrze\u015bniu ma by\u0107 fina\u0142 Miss Club Poland 2011 &#8211; trwaj\u0105cych przez ca\u0142e wakacje i relacjonowanych przez Eska TV wybor&oacute;w najpi\u0119kniejszych polskich klubowiczek. Tytu\u0142 klubowej miss Polski przyznany zostanie podczas specjalnej edycji programu, nagrywanej w Egipcie.<\/p>\n","protected":false},"excerpt":{"rendered":"Jesieni\u0105 Eska TV sprawdza, czego s\u0142uchaj\u0105 ulice polskich miast i oddaje w\u0142adz\u0119 w r\u0119ce fan&oacute;w stacji na Facebooku.","protected":false},"author":1,"featured_media":13388,"comment_status":"open","ping_status":"closed","sticky":false,"template":"","format":"standard","meta":{"csco_display_header_overlay":false,"csco_singular_sidebar":"","csco_page_header_type":"","csco_page_load_nextpost":"","csco_post_video_location":[],"csco_post_video_location_hash":"","csco_post_video_url":"","csco_post_video_bg_start_time":0,"csco_post_video_bg_end_time":0,"footnotes":""},"categories":[9670],"tags":[660,980],"class_list":{"0":"post-13387","1":"post","2":"type-post","3":"status-publish","4":"format-standard","5":"has-post-thumbnail","7":"category-tv","8":"tag-eska-tv","9":"tag-ramowka","10":"cs-entry","11":"cs-video-wrap"},"_links":{"self":[{"href":"https:\/\/mediarun.com\/pl\/wp-json\/wp\/v2\/posts\/13387","targetHints":{"allow":["GET"]}}],"collection":[{"href":"https:\/\/mediarun.com\/pl\/wp-json\/wp\/v2\/posts"}],"about":[{"href":"https:\/\/mediarun.com\/pl\/wp-json\/wp\/v2\/types\/post"}],"author":[{"embeddable":true,"href":"https:\/\/mediarun.com\/pl\/wp-json\/wp\/v2\/users\/1"}],"replies":[{"embeddable":true,"href":"https:\/\/mediarun.com\/pl\/wp-json\/wp\/v2\/comments?post=13387"}],"version-history":[{"count":0,"href":"https:\/\/mediarun.com\/pl\/wp-json\/wp\/v2\/posts\/13387\/revisions"}],"wp:featuredmedia":[{"embeddable":true,"href":"https:\/\/mediarun.com\/pl\/wp-json\/wp\/v2\/media\/13388"}],"wp:attachment":[{"href":"https:\/\/mediarun.com\/pl\/wp-json\/wp\/v2\/media?parent=13387"}],"wp:term":[{"taxonomy":"category","embeddable":true,"href":"https:\/\/mediarun.com\/pl\/wp-json\/wp\/v2\/categories?post=13387"},{"taxonomy":"post_tag","embeddable":true,"href":"https:\/\/mediarun.com\/pl\/wp-json\/wp\/v2\/tags?post=13387"}],"curies":[{"name":"wp","href":"https:\/\/api.w.org\/{rel}","templated":true}]}}