{"id":13169,"date":"2011-08-31T13:09:52","date_gmt":"2011-08-31T11:09:52","guid":{"rendered":"https:\/\/mediarun.com\/index.php\/news-posts\/jesien-w-tvn7-premierowe-seriale-i-nowe-pasma\/"},"modified":"2011-08-31T13:09:52","modified_gmt":"2011-08-31T11:09:52","slug":"jesien-w-tvn7-premierowe-seriale-i-nowe-pasma","status":"publish","type":"post","link":"https:\/\/mediarun.com\/pl\/media\/tv\/jesien-w-tvn7-premierowe-seriale-i-nowe-pasma.html","title":{"rendered":"Jesie\u0144 w TVN7: premierowe seriale i nowe pasma"},"content":{"rendered":"<p><span style=\"text-decoration: underline;\"><strong>Seriale<\/strong><\/span><\/p>\n<p>Pierwsz\u0105 nowo\u015bci\u0105 b\u0119dzie serial <strong>&#8222;Czerwony orze\u0142&#8221;<\/strong> (Aguila Roja), kt&oacute;ry przeniesie widz&oacute;w do XVII-wiecznej Hiszpanii. Czerwony Orze\u0142 to przydomek tajemniczego bohatera, kt&oacute;ry pomaga prze\u015bladowanym oraz poszukuje zab&oacute;jc&oacute;w swojej m\u0142odej \u017cony. Gonzalo Montalvo po \u015bmierci ukochanej postanawia szuka\u0107 sprawiedliwo\u015bci w przebraniu tajemniczego m\u015bciciela. O jego mi\u0142o\u015b\u0107 zaczn\u0105 za\u015b walczy\u0107 dwie kobiety, z kt&oacute;rych jedna oka\u017ce si\u0119 \u015bmiertelnie niebezpieczna. Nikt poza s\u0142u\u017c\u0105cym nie wie o podw&oacute;jnym \u017cyciu Gonzalo, nawet jego synek Alonso, kt&oacute;ry podziwia Czerwonego Or\u0142a. Emisja od 5 wrze\u015bnia o godz. 14.55.<\/p>\n<p>Od 5 wrze\u015bnia o godz. 22.00 swoje miejsce w ram&oacute;wce zajmie druga serialowa nowo\u015b\u0107 &#8211; <strong>&#8222;Uczciwy przekr\u0119t&#8221; <\/strong>(Leverage). Grupa z\u0142odziei, z kt&oacute;rych ka\u017cdy reprezentuje inne, specyficzne zdolno\u015bci i ma oryginalny spos&oacute;b dzia\u0142ania. Wsp&oacute;lnie decyduj\u0105 si\u0119 za\u0142o\u017cy\u0107 fikcyjn\u0105 firm\u0119 b\u0119d\u0105c\u0105 przykrywk\u0105 dla ich kryminalnej dzia\u0142alno\u015bci. Okradaj\u0105 korporacje i pomagaj\u0105 ludziom pokrzywdzonym przez wielkie firmy.<\/p>\n<p>Dodatkowo w pi\u0105tkowe wieczory, od 9 wrze\u015bnia o godz. 19.00 widzowie b\u0119d\u0105 mogli zobaczy\u0107 serial<strong> &#8222;Punkt krytyczny&#8221; <\/strong>(Flashpoint).<\/p>\n<p>Kolejna nowo\u015b\u0107 to premierowy, &oacute;smy sezon perypetii dobrze znanych kawaler&oacute;w z <strong>&#8222;Dw&oacute;ch i p&oacute;\u0142&#8221;<\/strong>. Emisja od 13 wrze\u015bnia o godz. 16.30, w dni powszednie.<\/p>\n<p><span style=\"text-decoration: underline;\"><strong>Pasma tematyczne<\/strong><\/span><\/p>\n<p>Jesieni\u0105 ka\u017cdy wiecz&oacute;r b\u0119dzie wprowadza\u0142 widz&oacute;w w inny klimat.<\/p>\n<p>W poniedzia\u0142ki, o godz. 20.00 Si&oacute;demka zaprasza na pasmo <strong>True Story<\/strong> pe\u0142ne film&oacute;w opartych na faktach, m.in. &#8222;Dom sekret&oacute;w i k\u0142amstw&#8221; (5.09), &#8222;Odzyska\u0107 siebie&#8221; (12.09), &#8222;Rodzinne k\u0142amstwa&#8221; (19.09) oraz &#8222;Wi\u0119cej czadu&#8221; (26.09).<\/p>\n<p>Wtorki zarezerwowane s\u0105 dla <strong>Film&oacute;w Sensacyjnych<\/strong>. W jesiennej ram&oacute;wce w tym pa\u015bmie widzowie b\u0119d\u0105 mogli zobaczy\u0107 m.in. takie filmy jak: &#8222;Krytyczna terapia&#8221; (6.09), &#8222;15 minut&#8221; (13.09), &#8222;\u015aledztwo nad przepa\u015bci\u0105&#8221; (20.09) oraz &#8222;Truj\u0105cy bluszcz&#8221; (27.09).<\/p>\n<p>Dla fan&oacute;w kina grozy, w ka\u017cd\u0105 wtorkow\u0105 noc, o godz. 23.00, TVN 7 b\u0119dzie serwowa\u0107 pasmo <strong>Wiecz&oacute;r Strachu<\/strong>. Stacja wyemituje takie filmy jak: &#8222;Morderczy przyjaciel&#8221; (6.09),  &#8222;Ukryte z\u0142o&#8221; (13.09), &#8222;Cyborg&#8221; (20.09) oraz &#8222;Statek widmo&#8221; (27.09).<\/p>\n<p>W ramach \u015brodowego pasma <strong>Dobre Kino<\/strong> stacja poka\u017ce m.in: &#8222;Imperium s\u0142o\u0144ca&#8221; (7.09) Stevena Spielberga, &#8222;Kr&oacute;low\u0105 ringu&#8221; (14.09), &#8222;Miasto anio\u0142&oacute;w&#8221; (21.09) oraz &#8222;Podaj dalej&#8221; (28.09).<\/p>\n<p>W dobry humor wprowadzi widz&oacute;w <strong>Komediowy Czwartek<\/strong>. A w nim takie komedie jak: &#8222;Moja wielka w\u015bciek\u0142a rodzina&#8221; (8.09), &#8222;G\u0142upi i g\u0142upszy 2: Kiedy Harry pozna\u0142 Lloyda&#8221; (15.09), &#8222;Pieni\u0105dze to nie wszystko&#8221; (29.09).<\/p>\n<p>Natomiast pi\u0105tkowe wieczory, od pa\u017adziernika a\u017c do po\u0142owy grudnia, w tym pa\u015bmie przybior\u0105 nowy klimat &#8211; <strong>Musicalowy<\/strong>. A w pa\u015bmie m.in.: &#8222;Gor\u0105czka sobotniej nocy&#8221;, &#8222;Grease&#8221; i &#8222;Grease 2&#8221;, &#8222;Flashdance&#8221;, &#8222;Staying alive&#8221;, &#8222;Lakier do w\u0142os&oacute;w&#8221;, &#8222;Footlose&#8221;, &#8222;Dirty Dancing 2&#8221;, &#8222;W rytmie hip-hopu&#8221; czy &#8222;Disco&#8221;.<\/p>\n<p>W pi\u0105tkowy wiecz&oacute;r, o godz. 22.00, TVN7 w ramach pasma <strong>Kino Oldschool<\/strong> przywr&oacute;ci blask ikonom kina. W\u015br&oacute;d propozycji dla widz&oacute;w znalaz\u0142y si\u0119 takie filmy jak: &#8222;Blef Coogana&#8221; (9.09), &#8222;Brudny Harry&#8221; (16.09), &#8222;Egzekutor&#8221; (23.09), &#8222;Pula \u015bmierci&#8221; (30.09).<\/p>\n<p>W <strong>Komediow\u0105 Sobot\u0119<\/strong> b\u0119dzie mo\u017cna zobaczy\u0107 klasyki takie jak &#8222;Frankie i Johnny&#8221; (3.09), &#8222;Eliksir mi\u0142o\u015bci&#8221; (10.09) lub bardziej weso\u0142e filmy np. &#8222;Licz\u0105 si\u0119 tylko frankliny&#8221; (3.09), &#8222;Dziennik sier\u017canta Fridaya&#8221; (10.09).<\/p>\n<p>Ponadto, TVN7 zaprasza na niedzielne poranki i popo\u0142udnia z kinem familijnym oraz przegl\u0105dem najlepszych western&oacute;w takich jak: &#8222;Butch i Sundance&#8221; (4.09), &#8222;Nadje\u017cd\u017ca siedmiu wspania\u0142ych&#8221; (11.09), &#8222;Kolty siedmiu wspania\u0142ych&#8221; (18.09).<\/p>\n<p>Natomiast wieczorem w TVN7 emitowane b\u0119dzie pasmo <strong>Super Seans<\/strong>. Nie zabraknie film&oacute;w takich jak &#8222;Mission Impossible&#8221; (4.09), &#8222;Lot 93&#8221; (11.09), &#8222;Godziny szczytu&#8221; (18.09), &#8222;Ostatni Skaut&#8221; (25.09), &#8222;Ostatni Samuraj&#8221;, &#8222;Matrix&#8221; czy &#8222;King Kong&#8221;.<\/p>\n","protected":false},"excerpt":{"rendered":"5 wrze\u015bnia na antenie TVN7 rusza jesienna ram&oacute;wka, w kt&oacute;rej znajd\u0105 si\u0119 nowe pozycje serialowe, pasma i premiery filmowe.","protected":false},"author":1,"featured_media":13170,"comment_status":"open","ping_status":"closed","sticky":false,"template":"","format":"standard","meta":{"csco_display_header_overlay":false,"csco_singular_sidebar":"","csco_page_header_type":"","csco_page_load_nextpost":"","csco_post_video_location":[],"csco_post_video_location_hash":"","csco_post_video_url":"","csco_post_video_bg_start_time":0,"csco_post_video_bg_end_time":0,"footnotes":""},"categories":[9670],"tags":[1366],"class_list":{"0":"post-13169","1":"post","2":"type-post","3":"status-publish","4":"format-standard","5":"has-post-thumbnail","7":"category-tv","8":"tag-tvn7","9":"cs-entry","10":"cs-video-wrap"},"_links":{"self":[{"href":"https:\/\/mediarun.com\/pl\/wp-json\/wp\/v2\/posts\/13169","targetHints":{"allow":["GET"]}}],"collection":[{"href":"https:\/\/mediarun.com\/pl\/wp-json\/wp\/v2\/posts"}],"about":[{"href":"https:\/\/mediarun.com\/pl\/wp-json\/wp\/v2\/types\/post"}],"author":[{"embeddable":true,"href":"https:\/\/mediarun.com\/pl\/wp-json\/wp\/v2\/users\/1"}],"replies":[{"embeddable":true,"href":"https:\/\/mediarun.com\/pl\/wp-json\/wp\/v2\/comments?post=13169"}],"version-history":[{"count":0,"href":"https:\/\/mediarun.com\/pl\/wp-json\/wp\/v2\/posts\/13169\/revisions"}],"wp:featuredmedia":[{"embeddable":true,"href":"https:\/\/mediarun.com\/pl\/wp-json\/wp\/v2\/media\/13170"}],"wp:attachment":[{"href":"https:\/\/mediarun.com\/pl\/wp-json\/wp\/v2\/media?parent=13169"}],"wp:term":[{"taxonomy":"category","embeddable":true,"href":"https:\/\/mediarun.com\/pl\/wp-json\/wp\/v2\/categories?post=13169"},{"taxonomy":"post_tag","embeddable":true,"href":"https:\/\/mediarun.com\/pl\/wp-json\/wp\/v2\/tags?post=13169"}],"curies":[{"name":"wp","href":"https:\/\/api.w.org\/{rel}","templated":true}]}}