{"id":13041,"date":"2011-09-02T16:49:33","date_gmt":"2011-09-02T14:49:33","guid":{"rendered":"https:\/\/mediarun.com\/index.php\/news-posts\/polowanie-na-nazistow-z-gazeta-wyborcza\/"},"modified":"2011-09-02T16:49:33","modified_gmt":"2011-09-02T14:49:33","slug":"polowanie-na-nazistow-z-gazeta-wyborcza","status":"publish","type":"post","link":"https:\/\/mediarun.com\/pl\/media\/prasa\/polowanie-na-nazistow-z-gazeta-wyborcza.html","title":{"rendered":"&#8222;Polowanie na nazist\u00f3w&#8221; z Gazet\u0105 Wyborcz\u0105"},"content":{"rendered":"<p>Dokument opowiada o poszukiwaniach Eichmanna, Mengelego i innych nazistowskich zbrodniarzy, kt&oacute;re obj\u0119\u0142y Europ\u0119, Stany Zjednoczone Ameryki P&oacute;\u0142nocnej, Bliski Wsch&oacute;d oraz Ameryk\u0119 Po\u0142udniow\u0105.<\/p>\n<p>Filmowa opowie\u015b\u0107 o poszukiwaniu nazist&oacute;w rozpoczyna si\u0119 w 1945 r., tu\u017c po zako\u0144czeniu II wojny \u015bwiatowej, a ko\u0144czy w czasach wsp&oacute;\u0142czesnych. Przez ostatnie 65 lat ujawnienie straszliwych zbrodni oraz tropienie zbieg\u0142ych nazist&oacute;w by\u0142o sensem \u017cycia wielu ludzi. Dokument przedstawia historie Szymona Wiesenthala oraz francuskiego ma\u0142\u017ce\u0144stwa &#8211; Beate i Serge&#8217;a Klarsfeld&oacute;w.<\/p>\n<p>Re\u017cyserom filmu &#8211; Isabelle Clarke i Danielowi Costelle, dzi\u0119ki radom i pomocy Serge&#8217;a Klarsfelda, uda\u0142o si\u0119 zako\u0144czy\u0107 sukcesem d\u0142ugie i bardzo trudne poszukiwania &#8211; dotarli do nieznanych wcze\u015bniej i niepublikowanych dokument&oacute;w, materia\u0142&oacute;w fotograficznych i filmowych. Te relacje daj\u0105 obraz straszliwych zbrodni nazist&oacute;w oraz dramatycznych dzia\u0142a\u0144 podj\u0119tych po wojnie, kt&oacute;re mia\u0142y doprowadzi\u0107 do ukarania winnych potwornych zbrodni.<\/p>\n<p>Cena Gazety Wyborczej i ka\u017cdej z p\u0142yt DVD &#8211; 8,99 z\u0142.<\/p>\n<p>Wydania Gazety Wyborczej z dodatkami s\u0105 promowane w stacjach telewizyjnych (TVP1, TVN, Polsat oraz stacje tematyczne), w dzienniku Metro oraz poprzez autopromocj\u0119. Kreacj\u0119 kampanii przygotowa\u0142a agencja Bardzo, za zakup medi&oacute;w odpowiada\u0142 Starlink.<\/p>\n","protected":false},"excerpt":{"rendered":"&#8222;Polowanie na nazist&oacute;w&#8221; &#8211; to tytu\u0142 filmu dokumentalnego, kt&oacute;rego dwie cz\u0119\u015bci b\u0119dzie mo\u017cna kupi\u0107 razem z Gazet\u0105 Wyborcz\u0105 w poniedzia\u0142ek i we wtorek, 5 i 6 wrze\u015bnia.","protected":false},"author":1,"featured_media":13042,"comment_status":"open","ping_status":"closed","sticky":false,"template":"","format":"standard","meta":{"csco_display_header_overlay":false,"csco_singular_sidebar":"","csco_page_header_type":"","csco_page_load_nextpost":"","csco_post_video_location":[],"csco_post_video_location_hash":"","csco_post_video_url":"","csco_post_video_bg_start_time":0,"csco_post_video_bg_end_time":0,"footnotes":""},"categories":[9673],"tags":[202],"class_list":{"0":"post-13041","1":"post","2":"type-post","3":"status-publish","4":"format-standard","5":"has-post-thumbnail","7":"category-prasa","8":"tag-gazeta-wyborcza","9":"cs-entry","10":"cs-video-wrap"},"_links":{"self":[{"href":"https:\/\/mediarun.com\/pl\/wp-json\/wp\/v2\/posts\/13041","targetHints":{"allow":["GET"]}}],"collection":[{"href":"https:\/\/mediarun.com\/pl\/wp-json\/wp\/v2\/posts"}],"about":[{"href":"https:\/\/mediarun.com\/pl\/wp-json\/wp\/v2\/types\/post"}],"author":[{"embeddable":true,"href":"https:\/\/mediarun.com\/pl\/wp-json\/wp\/v2\/users\/1"}],"replies":[{"embeddable":true,"href":"https:\/\/mediarun.com\/pl\/wp-json\/wp\/v2\/comments?post=13041"}],"version-history":[{"count":0,"href":"https:\/\/mediarun.com\/pl\/wp-json\/wp\/v2\/posts\/13041\/revisions"}],"wp:featuredmedia":[{"embeddable":true,"href":"https:\/\/mediarun.com\/pl\/wp-json\/wp\/v2\/media\/13042"}],"wp:attachment":[{"href":"https:\/\/mediarun.com\/pl\/wp-json\/wp\/v2\/media?parent=13041"}],"wp:term":[{"taxonomy":"category","embeddable":true,"href":"https:\/\/mediarun.com\/pl\/wp-json\/wp\/v2\/categories?post=13041"},{"taxonomy":"post_tag","embeddable":true,"href":"https:\/\/mediarun.com\/pl\/wp-json\/wp\/v2\/tags?post=13041"}],"curies":[{"name":"wp","href":"https:\/\/api.w.org\/{rel}","templated":true}]}}