{"id":13039,"date":"2011-09-02T16:54:08","date_gmt":"2011-09-02T14:54:08","guid":{"rendered":"https:\/\/mediarun.com\/index.php\/news-posts\/dr-oetker-promuje-owocowe-kisiele-wideo\/"},"modified":"2011-09-02T16:54:08","modified_gmt":"2011-09-02T14:54:08","slug":"dr-oetker-promuje-owocowe-kisiele-wideo","status":"publish","type":"post","link":"https:\/\/mediarun.com\/pl\/marketing\/atl\/dr-oetker-promuje-owocowe-kisiele-wideo.html","title":{"rendered":"Dr. Oetker promuje owocowe kisiele (wideo)"},"content":{"rendered":"<p>Nowa kampania reklamowa kisieli S\u0142odka Chwila Dr. Oetkera rozpocz\u0119\u0142a si\u0119 wraz z pocz\u0105tkiem wrze\u015bnia i potrwa do 23 pa\u017adziernika 2011 roku. W ramach dzia\u0142a\u0144 promocyjnych planowane s\u0105 r&oacute;wnie\u017c degustacje w miejscach sprzeda\u017cy oraz konkurs na portalu Facebook.<\/p>\n<p>Przekaz reklamowy ma nawi\u0105zywa\u0107 swoim nastrojem do kompozycji smakowych S\u0142odkiej Chwili dedykowanym pozytywnym emocjom takim jak: szcz\u0119\u015bcie, rado\u015b\u0107, energia.<\/p>\n<p>Spot reklamowy dost\u0119pny jest w najpopularniejszych stacjach telewizyjnych, tj. TVN (w tym: TVN Style, TVN 24, TVN Meteo i TVN 7), Polsacie (w tym: Polsat Cafe, Polsat Film, Polsat News, Polsat 2, TV 4 i Superstacja), TVP 1 i TVP 2 i plasowany jest jako pierwszy lub ostatni w bloku reklamowym.<\/p>\n<p>Wykup medi&oacute;w powierzono OMD Media Direction. Za kreacj\u0119 30&#8242; filmu odpowiedzialna jest agencja Albert Lumberjacker. <\/p>\n<p>Promocji S\u0142odkiej Chwili towarzyszy\u0107 b\u0119dzie konkurs zwi\u0105zany tematycznie z emocjami, prowadzony w mediach spo\u0142eczno\u015bciowych: na portalu Facebook oraz na blogu Pani Tereski, szefowej kuchni do\u015bwiadczalnej Dr. Oetkera. Dodatkowo w supermarketach odb\u0119d\u0105 si\u0119 degustacje, a w mniejszych sklepach zostan\u0105 ustawione specjalne ekspozycje lub standy.<\/p>\n<p>Kampani\u0119 skierowano przede wszystkim do kobiet w wieku 15-49 lat, mieszkanek du\u017cych miast o dochodach powy\u017cej \u015bredniej krajowej.<\/p>\n<p>&nbsp;<\/p>\n","protected":false},"excerpt":{"rendered":"Dr. Oetker rozpoczyna kampani\u0119 reklamow\u0105 edycji specjalnej kisieli z owocami.","protected":false},"author":1,"featured_media":13040,"comment_status":"open","ping_status":"closed","sticky":false,"template":"","format":"standard","meta":{"csco_display_header_overlay":false,"csco_singular_sidebar":"","csco_page_header_type":"","csco_page_load_nextpost":"","csco_post_video_location":[],"csco_post_video_location_hash":"","csco_post_video_url":"","csco_post_video_bg_start_time":0,"csco_post_video_bg_end_time":0,"footnotes":""},"categories":[9642],"tags":[],"class_list":{"0":"post-13039","1":"post","2":"type-post","3":"status-publish","4":"format-standard","5":"has-post-thumbnail","7":"category-atl","8":"cs-entry","9":"cs-video-wrap"},"_links":{"self":[{"href":"https:\/\/mediarun.com\/pl\/wp-json\/wp\/v2\/posts\/13039","targetHints":{"allow":["GET"]}}],"collection":[{"href":"https:\/\/mediarun.com\/pl\/wp-json\/wp\/v2\/posts"}],"about":[{"href":"https:\/\/mediarun.com\/pl\/wp-json\/wp\/v2\/types\/post"}],"author":[{"embeddable":true,"href":"https:\/\/mediarun.com\/pl\/wp-json\/wp\/v2\/users\/1"}],"replies":[{"embeddable":true,"href":"https:\/\/mediarun.com\/pl\/wp-json\/wp\/v2\/comments?post=13039"}],"version-history":[{"count":0,"href":"https:\/\/mediarun.com\/pl\/wp-json\/wp\/v2\/posts\/13039\/revisions"}],"wp:featuredmedia":[{"embeddable":true,"href":"https:\/\/mediarun.com\/pl\/wp-json\/wp\/v2\/media\/13040"}],"wp:attachment":[{"href":"https:\/\/mediarun.com\/pl\/wp-json\/wp\/v2\/media?parent=13039"}],"wp:term":[{"taxonomy":"category","embeddable":true,"href":"https:\/\/mediarun.com\/pl\/wp-json\/wp\/v2\/categories?post=13039"},{"taxonomy":"post_tag","embeddable":true,"href":"https:\/\/mediarun.com\/pl\/wp-json\/wp\/v2\/tags?post=13039"}],"curies":[{"name":"wp","href":"https:\/\/api.w.org\/{rel}","templated":true}]}}