{"id":13037,"date":"2011-09-02T16:57:08","date_gmt":"2011-09-02T14:57:08","guid":{"rendered":"https:\/\/mediarun.com\/index.php\/news-posts\/igor-janke-przejmuje-cafe-rzeczpospolita-w-tv-rp-pl\/"},"modified":"2011-09-02T16:57:08","modified_gmt":"2011-09-02T14:57:08","slug":"igor-janke-przejmuje-cafe-rzeczpospolita-w-tv-rp-pl","status":"publish","type":"post","link":"https:\/\/mediarun.com\/pl\/media\/tv\/igor-janke-przejmuje-cafe-rzeczpospolita-w-tv-rp-pl.html","title":{"rendered":"Igor Janke przejmuje Cafe Rzeczpospolita w tv.rp.pl"},"content":{"rendered":"<p>Do tej pory Igor Janke by\u0142 jednym ze wsp&oacute;\u0142prowadz\u0105cych program. Dzi\u015b &#8222;Cafe Rzeczpospolita&#8221; sygnowane jest ju\u017c jego nazwiskiem. Sam publicysta zwi\u0105zany jest na sta\u0142e z redakcj\u0105 Rzeczpospolitej i serwisem rp.pl.<\/p>\n<p>&#8211; Ciesz\u0119 si\u0119, \u017ce Igor Janke b\u0119dzie mia\u0142 u nas sw&oacute;j autorski program. To kolejny dow&oacute;d sta\u0142ego rozwoju tv.rp.pl. Publicy\u015bci, kt&oacute;rzy dwa lata temu zaczynali swoj\u0105 przygod\u0119 z nasz\u0105 internetow\u0105 telewizj\u0105, w\u0142a\u015bnie w &#8222;Cafe Rzeczpospolita&#8221;, dzi\u015b maj\u0105 ju\u017c w\u0142asne programy. Teraz czas na Igora Janke &#8211; m&oacute;wi Piotr Gabryel, zast\u0119pca redaktora naczelnego Rzeczpospolitej, odpowiedzialny za <a rel=\"nofollow noopener\" href=\"http:\/\/tv.rp.pl\/\" target=\"_blank\">tv.rp.pl<\/a>.<\/p>\n<p>&#8222;Cafe Rzeczpospolita&#8221; nie zmieni swojej dotychczasowej formu\u0142y. Prowadz\u0105cy, w towarzystwie dw&oacute;ch go\u015bci, b\u0119dzie komentowa\u0142 wydarzenia mijaj\u0105cego tygodnia.<\/p>\n<p>Archiwalne odcinki mo\u017cna zobaczy\u0107 na <a rel=\"nofollow noopener\" href=\"http:\/\/tv.rp.pl\/cykliczne\/Cafe-Rz\" target=\"_blank\">tv.rp.pl<\/a>.<\/p>\n<p>Na tv.rp.pl mo\u017cna ogl\u0105da\u0107 tak\u017ce inne programy autorskie: &#8222;Antysalonik Ziemkiewicza&#8221; &#8211; w ka\u017cd\u0105 niedziel\u0119 od godz. 10.00 oraz &#8222;Bronis\u0142aw Wildstein przedstawia&#8221; &#8211; w ka\u017cdy wtorek od godz. 17.00 Ponadto tv.rp.pl emituje codziennie rozmowy o polityce, kulturze, sporcie, prawie i ekonomii.<\/p>\n","protected":false},"excerpt":{"rendered":"Igor Janke przejmuje prowadzenie &#8222;Cafe Rzeczpospolita&#8221;. Program ju\u017c od dw&oacute;ch lat mo\u017cna ogl\u0105da\u0107 na tv.rp.pl w ka\u017cd\u0105 sobot\u0119 od godz. 10.00.","protected":false},"author":1,"featured_media":13038,"comment_status":"open","ping_status":"closed","sticky":false,"template":"","format":"standard","meta":{"csco_display_header_overlay":false,"csco_singular_sidebar":"","csco_page_header_type":"","csco_page_load_nextpost":"","csco_post_video_location":[],"csco_post_video_location_hash":"","csco_post_video_url":"","csco_post_video_bg_start_time":0,"csco_post_video_bg_end_time":0,"footnotes":""},"categories":[9670],"tags":[],"class_list":{"0":"post-13037","1":"post","2":"type-post","3":"status-publish","4":"format-standard","5":"has-post-thumbnail","7":"category-tv","8":"cs-entry","9":"cs-video-wrap"},"_links":{"self":[{"href":"https:\/\/mediarun.com\/pl\/wp-json\/wp\/v2\/posts\/13037","targetHints":{"allow":["GET"]}}],"collection":[{"href":"https:\/\/mediarun.com\/pl\/wp-json\/wp\/v2\/posts"}],"about":[{"href":"https:\/\/mediarun.com\/pl\/wp-json\/wp\/v2\/types\/post"}],"author":[{"embeddable":true,"href":"https:\/\/mediarun.com\/pl\/wp-json\/wp\/v2\/users\/1"}],"replies":[{"embeddable":true,"href":"https:\/\/mediarun.com\/pl\/wp-json\/wp\/v2\/comments?post=13037"}],"version-history":[{"count":0,"href":"https:\/\/mediarun.com\/pl\/wp-json\/wp\/v2\/posts\/13037\/revisions"}],"wp:featuredmedia":[{"embeddable":true,"href":"https:\/\/mediarun.com\/pl\/wp-json\/wp\/v2\/media\/13038"}],"wp:attachment":[{"href":"https:\/\/mediarun.com\/pl\/wp-json\/wp\/v2\/media?parent=13037"}],"wp:term":[{"taxonomy":"category","embeddable":true,"href":"https:\/\/mediarun.com\/pl\/wp-json\/wp\/v2\/categories?post=13037"},{"taxonomy":"post_tag","embeddable":true,"href":"https:\/\/mediarun.com\/pl\/wp-json\/wp\/v2\/tags?post=13037"}],"curies":[{"name":"wp","href":"https:\/\/api.w.org\/{rel}","templated":true}]}}