{"id":13031,"date":"2011-09-04T20:29:25","date_gmt":"2011-09-04T18:29:25","guid":{"rendered":"https:\/\/mediarun.com\/index.php\/news-posts\/wodecki-i-ferenc-jesienia-w-radiu-dla-ciebie\/"},"modified":"2011-09-04T20:29:25","modified_gmt":"2011-09-04T18:29:25","slug":"wodecki-i-ferenc-jesienia-w-radiu-dla-ciebie","status":"publish","type":"post","link":"https:\/\/mediarun.com\/pl\/media\/radio\/wodecki-i-ferenc-jesienia-w-radiu-dla-ciebie.html","title":{"rendered":"Wodecki i Ferenc jesieni\u0105 w Radiu Dla Ciebie"},"content":{"rendered":"<p>Zbigniew Wodecki w cyklu<strong> &#8222;Zacznij od Bacha&#8230;&#8221; <\/strong>w przedpo\u0142udniowym pa\u015bmie Przedpo\u0142udnie w Radiu Dla Ciebie (od poniedzia\u0142ku do pi\u0105tku godz. 9.00-12.00) prezentowa\u0107 b\u0119dzie subiektywny wyb&oacute;r najpopularniejszych temat&oacute;w muzyki klasycznej w niekonwencjonalnych opracowaniach.<\/p>\n<p>Andrzej Poniedzielski w niedzielny wiecz&oacute;r wsp&oacute;lnie z Teres\u0105 Drozd\u0105 zaprosi na &#8222;<strong>Wiecz&oacute;r prawie Poniedzielski&#8230;&#8221;<\/strong>.<\/p>\n<p>Zbigniew \u0141uczy\u0144ski znany z  programu TVN &#8222;Uwaga&#8221; w pi\u0105tkowy poranek zaprosi na <strong>&#8222;Spotkanie z Bardzo Wa\u017cnym Go\u015bciem&#8221;<\/strong>.<\/p>\n<p>Natomiast Elisabeth Duda w poniedzia\u0142ek po godz. 19.00 w programie <strong>&#8222;Napoleonka&#8221; <\/strong>opowie o swojej fascynacji Francj\u0105 i francusk\u0105 muzyk\u0105.<\/p>\n<p>Pasmo &#8222;Poranek Dla Ciebie&#8221; poprowadzi wraz z Anet\u0105 Szyma\u0144sk\u0105 znany widzom TV Polonia Pawe\u0142 Go\u0142\u0119bski.<\/p>\n<p>\u015awiat filmu i filmowych gwiazd w soboty odkrywa\u0107 b\u0119dzie by\u0142a szefowa redakcji kulturalnej Radia PiN Magdalena Juszczyk.<\/p>\n<p>Na niedzielne przedpo\u0142udnie RDC przygotowa\u0142o program &#8222;O M&oacute;j Bo\u017ce&#8221;, w kt&oacute;rym spotkaj\u0105 si\u0119 przedstawiciele r&oacute;\u017cnym wyzna\u0144 i religii. Wsp&oacute;lnie z filozofem dr Tomaszem Wi\u015bniewskim b\u0119d\u0105 rozmawia\u0107 o najwa\u017cniejszych i najtrudniejszych sprawach jakie niesie wsp&oacute;\u0142czesny \u015bwiat.<\/p>\n<p>W nowej ram&oacute;wce Radio Dla Ciebie po raz pierwszy zaproponuje swoim s\u0142uchaczom konkursy sms-owe. W pa\u015bmie przedpo\u0142udniowym Marek Mi\u015bko b\u0119dzie codziennie wciela\u0142 si\u0119 w inn\u0105 posta\u0107, a s\u0142uchacze b\u0119d\u0105 odgadywali Kim jest Marek Mi\u015bko?<\/p>\n<p>Siln\u0105 stron\u0105 jesiennej ram&oacute;wki Radia Dla Ciebie maj\u0105 by\u0107 audycje muzyczne.<\/p>\n<p>Od poniedzia\u0142ku do pi\u0105tku w godz. 12.00-14.00 Bobrowski, Fabia\u0144ski, Wiernik i Orzech w programie &#8222;Muzyka w samo po\u0142udnie&#8221; rozmawia\u0107 b\u0119d\u0105 ze znanymi osobowo\u015bciami \u015bwiata muzyki, zaprezentuj\u0105 i zrecenzuj\u0105 nowo\u015bci p\u0142ytowe muzyki polskiej i zagranicznej.<\/p>\n<p>W czwartki o godz. 19.00 w studiu RDC, zabrzmi\u0105 na \u017cywo koncerty gwiazd i debiutant&oacute;w. W ram&oacute;wce nie zabraknie znanych autorskich program&oacute;w muzycznych m.in.: &#8222;Czujesz Blusa&#8221; S\u0142awka Wierzchowskiego, &#8222;Tort Orzechowy&#8221; Artura Orzecha, &#8222;Rock Wiernika&#8221; Marka Wiernika, &#8222;Tylko polskie przeboje&#8221; Tomasza \u017b\u0105dy, &#8222;Gor\u0105czka sobotniej nocy&#8221; Bogdana Fabia\u0144skiego oraz  &#8222;Muzyka na Dobr\u0105 Noc&#8221;.<\/p>\n<p>Od poniedzia\u0142ku do pi\u0105tku w godz. 14.00-16.00 Ewelina Pacyna zaprosi na &#8222;Przerw\u0119 na lunch&#8221;, a w niej kontynuowany b\u0119dzi cykl &#8222;\u0141o\u015b na Mazowszu&#8221; czyli Piotr \u0141o\u015b odkrywa\u0107 b\u0119dzie uroki Mazowsza. We wtorki i czwartki korespondenci regionalni RDC b\u0119d\u0105 prezentowali &#8222;Mazowsze od kuchni&#8221;.<\/p>\n<p>Premierowe reporta\u017ce autorstwa dziennikarzy RDC b\u0119d\u0105 nadawane w soboty o godz. 17.35 w pa\u015bmie &#8222;Kulturalny MiszMasz&#8221;. W RDC w niedziel\u0119 &#8222;Gwiazdy \u015bwiec\u0105 tak\u017ce w po\u0142udnie&#8221;,  a w\u015br&oacute;d nich prowadz\u0105ca Anna Matusiak.<\/p>\n<p>Polityka i sprawy spo\u0142eczne prezentowane b\u0119d\u0105 w RDC w popo\u0142udniowym pa\u015bmie Roberta \u0141uchniaka i sta\u0142ych cykli &#8222;Ja Panu nie przerywa\u0142em&#8221;, &#8222;Debata samorz\u0105dowa&#8221;, &#8222;Zdrowie&#8221;, &#8222;Finanse i prawo&#8221; (16.00-19.00).<\/p>\n<p>Wraz z now\u0105 ram&oacute;wka w RDC zmieni si\u0119 oprawa muzyczna stacji, pojawi\u0105 si\u0119 nowe  jingle, a <strong>&#8222;g\u0142osem radia&#8221; b\u0119dzie Andrzej Ferenc<\/strong>.<\/p>\n<p>Zmian dokonano r&oacute;wnie\u017c  w ofercie reklamowej radia. Najwa\u017cniejsza propozycja to blok reklamowy &#8222;Wyj\u0105tkowa reklama&#8221; nadawany o godz. 8.05 i 9.05, w kt&oacute;rym zamieszczane b\u0119d\u0105 maksymalnie 4 spoty reklamowe. W ofercie znalaz\u0142a si\u0119 tak\u017ce propozycja reklamowa pod nazw\u0105 &#8222;Rozmowa sponsorowana&#8221;.<\/p>\n","protected":false},"excerpt":{"rendered":"Zbigniew Wodecki, Andrzej Poniedzielski, Zbigniew \u0141uczy\u0144ski i Elisabeth Duda od wrze\u015bnia b\u0119d\u0105 go\u015bci\u0107 w Radiu Dla Ciebie. Nowe propozycje na antenie pojawi\u0105 si\u0119 5 wrze\u015bnia.","protected":false},"author":1,"featured_media":13032,"comment_status":"open","ping_status":"closed","sticky":false,"template":"","format":"standard","meta":{"csco_display_header_overlay":false,"csco_singular_sidebar":"","csco_page_header_type":"","csco_page_load_nextpost":"","csco_post_video_location":[],"csco_post_video_location_hash":"","csco_post_video_url":"","csco_post_video_bg_start_time":0,"csco_post_video_bg_end_time":0,"footnotes":""},"categories":[9672],"tags":[],"class_list":{"0":"post-13031","1":"post","2":"type-post","3":"status-publish","4":"format-standard","5":"has-post-thumbnail","7":"category-radio","8":"cs-entry","9":"cs-video-wrap"},"_links":{"self":[{"href":"https:\/\/mediarun.com\/pl\/wp-json\/wp\/v2\/posts\/13031","targetHints":{"allow":["GET"]}}],"collection":[{"href":"https:\/\/mediarun.com\/pl\/wp-json\/wp\/v2\/posts"}],"about":[{"href":"https:\/\/mediarun.com\/pl\/wp-json\/wp\/v2\/types\/post"}],"author":[{"embeddable":true,"href":"https:\/\/mediarun.com\/pl\/wp-json\/wp\/v2\/users\/1"}],"replies":[{"embeddable":true,"href":"https:\/\/mediarun.com\/pl\/wp-json\/wp\/v2\/comments?post=13031"}],"version-history":[{"count":0,"href":"https:\/\/mediarun.com\/pl\/wp-json\/wp\/v2\/posts\/13031\/revisions"}],"wp:featuredmedia":[{"embeddable":true,"href":"https:\/\/mediarun.com\/pl\/wp-json\/wp\/v2\/media\/13032"}],"wp:attachment":[{"href":"https:\/\/mediarun.com\/pl\/wp-json\/wp\/v2\/media?parent=13031"}],"wp:term":[{"taxonomy":"category","embeddable":true,"href":"https:\/\/mediarun.com\/pl\/wp-json\/wp\/v2\/categories?post=13031"},{"taxonomy":"post_tag","embeddable":true,"href":"https:\/\/mediarun.com\/pl\/wp-json\/wp\/v2\/tags?post=13031"}],"curies":[{"name":"wp","href":"https:\/\/api.w.org\/{rel}","templated":true}]}}